{"id":26135,"date":"2019-10-22T10:24:20","date_gmt":"2019-10-22T08:24:20","guid":{"rendered":"https:\/\/sw-osterfeine.de\/?p=26135"},"modified":"2019-10-22T10:24:20","modified_gmt":"2019-10-22T08:24:20","slug":"bericht-iv-herren","status":"publish","type":"post","link":"https:\/\/sw-osterfeine.de\/?p=26135","title":{"rendered":"Bericht IV. Herren"},"content":{"rendered":"\n<p>SW Ostefeine IV 3:2 1. FC Varenesch II<\/p>\n<p>Nach dem erfolgreichen 4:2 Sieg gegen den VFL Oythe V vor zwei Wochen wollten wir an dieses Ergebnis ankn\u00fcpfen. Der Kader war diese Woche in der Tiefe stark besetzt und durch die aushelfenden Jan-Bernd (Pohler) Pohlschneider, sowie Hendrik (Sch\u00fcppe) Kampsen auch qualitativ so stark besetzt, um in diesem Spiel die Favoritenrolle einzunehmen.<\/p>\n<p>Nach 14 Minuten wurde diese Rolle direkt in Frage gestellt, als ein langer Ball durch die Abwehr gelangen konnte und der St\u00fcrmer aus Varenesch keine Probleme hatte, den zun\u00e4chst etwas z\u00f6gerlich herauskommenden Sch\u00fcppe, zu \u00fcberlupfen. Von diesem Schock mussten wir uns erstmal erholen und haben bis zur 30. Minute gebraucht, um wieder Druck auf die gegnerische Abwehr auszu\u00fcben. Dieser Druck zahlte sich bei einer verungl\u00fcckten Flanke von David (Potter) Lohmann beinahe aus. Die Flanke segelte hoch auf den gegnerischen Torwart zu und dieser hatte sichtliche M\u00fche diesen eigentlich harmlosen Ball zu kl\u00e4ren.<\/p>\n<p>Durch den immer h\u00f6her werdenden Druck auf die Abwehr provozierten wir somit auch Fehler. Einen dieser Fehler konnte Nils Kr\u00fcger in der 37. Minute dazu nutzen, einen misslungenen Kl\u00e4rungsversuch der Varenescher Abwehr direkt auf Luca Sarnowski weiterzuleiten. Der FSJler lie\u00df sich die Chance nicht nehmen und dribbelte aufs Tor zu, um aus etwa 13 Metern links unten zu vollstrecken. Nach dem Ausgleich haben wir den Druck weiter erh\u00f6ht und weiter Fehler provoziert. Der an diesem Tag sehr unsicher wirkende Torh\u00fcter aus Varenesch lie\u00df einen harmlosen Schuss auf sein Tor fallen, sodass Christoph (Lemmy) Niehues nur der Pfosten im Weg stand, um die F\u00fchrung zu erzielen.<\/p>\n<p>So ging es mit 1:1 in die Kabine. Nach der Halbzeitpause haben wir uns vorgenommen weiter Druck zu machen und die Partie zeitnah zu entscheiden. Wir erarbeiteten uns einige Chancen ehe Varenesch erneut eiskalt zugestochen hat. In der 57. Minute war es eine Ecke, die zun\u00e4chst durch den Strafraum gesegelt war, um anschlie\u00dfend wieder in der Mitte vor den F\u00fc\u00dfen eines St\u00fcrmers zu landen, der nur noch einschieben musste.<\/p>\n<p>Da die drei Punkte fest eingeplant waren wurde die Aufstellung direkt ge\u00e4ndert und wir agierten noch offensiver. Das hatte allerdings auch zur Folge, dass die Mitte keinen Zugriff mehr auf das Spiel hatte. So war es auch auf unserer Seite ein Eckball, der in der 74. Minute zum erneuten Ausgleich f\u00fchrte. Adrian (Adi) Meyer brachte diese von der linken Seite punktgenau auf den str\u00e4flich allein gelassenen Peter R\u00f6mer, der die Kugel \u00fcber die Linie dr\u00fccken konnte.<\/p>\n<p>Durch zahlreiche Wechsel auf beiden Seiten war der Spielfluss in Folge etwas zum Erliegen gekommen und es lag in der Luft, dass der n\u00e4chste Treffer egal auf welcher Seite auch die Entscheidung bedeuten w\u00fcrde. In der 83. Minute war es ein traumhafter Au\u00dfenrist-Pass von Pohler, mit dem er aus der Abwehr heraus alle Gegner \u00fcberspielte und Nils auf die Reise schickte. Diesen Traumpass konnte er mit einem Heber \u00fcber den herauseilenden Torh\u00fcter spielen und die Partie somit entscheiden.<\/p>\n<p>Die Partie pl\u00e4tscherte die folgenden Minuten nur noch aus, sodass der Blick nach zwei Siegen in Folge zum auf den n\u00e4chsten Tabellennachbarn und somit schlagbaren Gegner gerichtet ist. Bei Carum II soll bereits kommenden Freitag der dritte Erfolg in Serie klar gemacht werden, um die Stimmungslage f\u00fcr den anstehenden Sportlerball positiv zu gestalten. Gro\u00dfer Dank geb\u00fchrt nach diesem Spiel den aushelfenden Pohler und Sch\u00fcppe, die gro\u00dfen Anteil an diesem Erfolg haben.<\/p>\n<p>Mit freundlichen Gr\u00fc\u00dfen<\/p>\n<p>NK<\/p>\n","protected":false},"excerpt":{"rendered":"<p>SW Ostefeine IV 3:2 1. FC Varenesch II Nach dem erfolgreichen 4:2 Sieg gegen den VFL Oythe V vor zwei Wochen wollten wir an dieses Ergebnis ankn\u00fcpfen. Der Kader war diese Woche in der Tiefe stark besetzt und durch die aushelfenden Jan-Bernd (Pohler) Pohlschneider, sowie Hendrik (Sch\u00fcppe) Kampsen auch qualitativ so stark besetzt, um in [&hellip;]<\/p>\n","protected":false},"author":3,"featured_media":0,"comment_status":"closed","ping_status":"closed","sticky":false,"template":"","format":"standard","meta":{"footnotes":""},"categories":[3],"tags":[],"_links":{"self":[{"href":"https:\/\/sw-osterfeine.de\/index.php?rest_route=\/wp\/v2\/posts\/26135"}],"collection":[{"href":"https:\/\/sw-osterfeine.de\/index.php?rest_route=\/wp\/v2\/posts"}],"about":[{"href":"https:\/\/sw-osterfeine.de\/index.php?rest_route=\/wp\/v2\/types\/post"}],"author":[{"embeddable":true,"href":"https:\/\/sw-osterfeine.de\/index.php?rest_route=\/wp\/v2\/users\/3"}],"replies":[{"embeddable":true,"href":"https:\/\/sw-osterfeine.de\/index.php?rest_route=%2Fwp%2Fv2%2Fcomments&post=26135"}],"version-history":[{"count":1,"href":"https:\/\/sw-osterfeine.de\/index.php?rest_route=\/wp\/v2\/posts\/26135\/revisions"}],"predecessor-version":[{"id":26136,"href":"https:\/\/sw-osterfeine.de\/index.php?rest_route=\/wp\/v2\/posts\/26135\/revisions\/26136"}],"wp:attachment":[{"href":"https:\/\/sw-osterfeine.de\/index.php?rest_route=%2Fwp%2Fv2%2Fmedia&parent=26135"}],"wp:term":[{"taxonomy":"category","embeddable":true,"href":"https:\/\/sw-osterfeine.de\/index.php?rest_route=%2Fwp%2Fv2%2Fcategories&post=26135"},{"taxonomy":"post_tag","embeddable":true,"href":"https:\/\/sw-osterfeine.de\/index.php?rest_route=%2Fwp%2Fv2%2Ftags&post=26135"}],"curies":[{"name":"wp","href":"https:\/\/api.w.org\/{rel}","templated":true}]}}