{"id":26137,"date":"2019-10-23T09:11:37","date_gmt":"2019-10-23T07:11:37","guid":{"rendered":"https:\/\/sw-osterfeine.de\/?p=26137"},"modified":"2019-10-23T11:23:01","modified_gmt":"2019-10-23T09:23:01","slug":"ein-besonderes-spiel-nachlese","status":"publish","type":"post","link":"https:\/\/sw-osterfeine.de\/?p=26137","title":{"rendered":"Ein besonderes Spiel &#8211; Nachlese"},"content":{"rendered":"\n<p>Wie im Vorfeld berichtet, sind wir von der A-Jugend Mannschaft aus 1993 am Samstag zu einem Freundschaftsspiel gegen die damalige A-Jugend des SV Handorf-Langenberg in deren Sporthalle angetreten.<\/p>\n<p>In einem Spiel \u00fcber 2 x 20 Minuten fanden sich zwei Mannschaften auf Augenh\u00f6he. Mit zwei starken Torh\u00fctern, und auf kleinen Handballtoren, endete die Partie mit 2:0 Toren f\u00fcr den SWO. Nachdem Trainer Bubi bereits im Vorfeld verk\u00fcndet hatte, dass wir im Falle einer Niederlage zu Fu\u00df nach Hause m\u00fcssen, gaben wir alles.<\/p>\n<p>Die Tore erzielten Andre L\u00fcdeke-Dalinghaus und Florian Bergmann.<\/p>\n<p>Im Anschluss verbrachten wir zusammen mit den Langenbergern ein paar fr\u00f6hliche Stunden in deren Vereinslokal, bevor wir zum Abschluss noch bei Spatz in Haverbeck einkehrten.<\/p>\n<p>Das R\u00fcckspiel ist nun in zwei Jahren in der Osterfeiner Sporthalle geplant, sofern beide Mannschaften noch ein paar fitte Spieler auf den Platz bekommen.<\/p>\n<p>Zum Schluss kann man sagen, dass wir im Kreise unserer Mannschaft auch nach 26 Jahren einen wunderbaren Abend verbracht haben. Vielleicht ist das ja auch eine Idee, f\u00fcr die ein oder andere fr\u00fchere Mannschaft des OSV.<\/p>\n<p><a href=\"https:\/\/sw-osterfeine.de\/wp-content\/uploads\/2019\/10\/image.png\" data-rel=\"lightbox-image-0\" data-rl_title=\"\" data-rl_caption=\"\" title=\"\"><img loading=\"lazy\" decoding=\"async\" class=\"alignnone size-medium wp-image-26146\" src=\"https:\/\/sw-osterfeine.de\/wp-content\/uploads\/2019\/10\/image-300x225.png\" alt=\"\" width=\"300\" height=\"225\" srcset=\"https:\/\/sw-osterfeine.de\/wp-content\/uploads\/2019\/10\/image-300x225.png 300w, https:\/\/sw-osterfeine.de\/wp-content\/uploads\/2019\/10\/image-768x576.png 768w, https:\/\/sw-osterfeine.de\/wp-content\/uploads\/2019\/10\/image-1024x768.png 1024w, https:\/\/sw-osterfeine.de\/wp-content\/uploads\/2019\/10\/image.png 1280w\" sizes=\"(max-width: 300px) 100vw, 300px\" \/><\/a><\/p>\n","protected":false},"excerpt":{"rendered":"<p>Wie im Vorfeld berichtet, sind wir von der A-Jugend Mannschaft aus 1993 am Samstag zu einem Freundschaftsspiel gegen die damalige A-Jugend des SV Handorf-Langenberg in deren Sporthalle angetreten. In einem Spiel \u00fcber 2 x 20 Minuten fanden sich zwei Mannschaften auf Augenh\u00f6he. Mit zwei starken Torh\u00fctern, und auf kleinen Handballtoren, endete die Partie mit 2:0 [&hellip;]<\/p>\n","protected":false},"author":3,"featured_media":0,"comment_status":"closed","ping_status":"closed","sticky":false,"template":"","format":"standard","meta":{"footnotes":""},"categories":[3],"tags":[],"_links":{"self":[{"href":"https:\/\/sw-osterfeine.de\/index.php?rest_route=\/wp\/v2\/posts\/26137"}],"collection":[{"href":"https:\/\/sw-osterfeine.de\/index.php?rest_route=\/wp\/v2\/posts"}],"about":[{"href":"https:\/\/sw-osterfeine.de\/index.php?rest_route=\/wp\/v2\/types\/post"}],"author":[{"embeddable":true,"href":"https:\/\/sw-osterfeine.de\/index.php?rest_route=\/wp\/v2\/users\/3"}],"replies":[{"embeddable":true,"href":"https:\/\/sw-osterfeine.de\/index.php?rest_route=%2Fwp%2Fv2%2Fcomments&post=26137"}],"version-history":[{"count":3,"href":"https:\/\/sw-osterfeine.de\/index.php?rest_route=\/wp\/v2\/posts\/26137\/revisions"}],"predecessor-version":[{"id":26147,"href":"https:\/\/sw-osterfeine.de\/index.php?rest_route=\/wp\/v2\/posts\/26137\/revisions\/26147"}],"wp:attachment":[{"href":"https:\/\/sw-osterfeine.de\/index.php?rest_route=%2Fwp%2Fv2%2Fmedia&parent=26137"}],"wp:term":[{"taxonomy":"category","embeddable":true,"href":"https:\/\/sw-osterfeine.de\/index.php?rest_route=%2Fwp%2Fv2%2Fcategories&post=26137"},{"taxonomy":"post_tag","embeddable":true,"href":"https:\/\/sw-osterfeine.de\/index.php?rest_route=%2Fwp%2Fv2%2Ftags&post=26137"}],"curies":[{"name":"wp","href":"https:\/\/api.w.org\/{rel}","templated":true}]}}