{"id":26148,"date":"2019-10-24T09:10:23","date_gmt":"2019-10-24T07:10:23","guid":{"rendered":"https:\/\/sw-osterfeine.de\/?p=26148"},"modified":"2019-10-24T09:10:23","modified_gmt":"2019-10-24T07:10:23","slug":"bericht-1-a-jugend-4","status":"publish","type":"post","link":"https:\/\/sw-osterfeine.de\/?p=26148","title":{"rendered":"Bericht 1. A-Jugend"},"content":{"rendered":"\n<p><strong>SW Osterfeine (2:2) RW Visbek<\/strong><\/p>\n<p>Nach dem letzten guten Spiel, bei dem wir uns den Aufstieg gesichert haben, mussten wir am Wochenende gegen einen starken Gegner spielen. Wir wollten jedoch nicht nur den Aufstieg, sondern auch den 1. Tabellenplatz. Daher mussten Punkte gegen Visbek her.<\/p>\n<p>So starteten wir auch ins Spiel, denn Justus nickte nach einer Ecke schon in der 6. Minute ein. Jedoch kassierten wir direkt im Anschluss den Ausgleich durch einen Elfmeter in der 7. Minute, wobei die Entscheidung zum Elfmeter sehr fragw\u00fcrdig war. Ein ausgeglichenes Spiel bis hierhin. Beide Mannschaften hatten Chancen, das Tempo war hoch und in der 28. Minute konnten wir den erneuten F\u00fchrungstreffer erzielen. Wieder nach einer Ecke und nach viel Chaos im Strafraum konnte Moritz irgendwie den Ball im Tor versenken. So blieb es auch bis zur Halbzeit. W\u00e4hrend des Spiels vermieden wir Diskussionen mit dem Schiedsrichter, da dieser hart durchgriff. Kurz nach der Halbzeit sah ein Gegner die rote Karte, da er als letzter Mann Maxi zu Fall brachte. Ab dann waren die Gegner nur noch zu 10. Trotz der Unterzahl schafften wir es nicht aus der eigenen H\u00e4lfte zu kommen. Die Gegner machten richtig Druck und hatten teilweise auch gute Torchancen, die sie jedoch nicht nutzen konnten. Zwischenzeitlich waren die Gegner aufgrund einer Zeitstrafe von 5 Minuten sogar nur mit 9 Mann auf dem Platz. Anlass war, dass ein Gegner vom Platz geschickt wurde, weil er lautstark gemeckert hatte. Doch Visbek spielte weiter offensiv und teilweise mit 3 bzw. 4 St\u00fcrmern. Wir konnten uns nicht wirklich befreien bzw. vern\u00fcnftig hinten rausspielen und so machte Visbek Dauerdruck auf unser Tor. Einzelne Konter konnten wir nicht zu Ende spielen und blieben ohne Erfolg. Das sollte sich noch r\u00e4chen\u2026 Zum Ende hin hatten die Visbeker noch viele gef\u00e4hrliche Freist\u00f6\u00dfe aus kurzer Distanz. In der Nachspielzeit (94. Minute) passierte es dann. Visbek traf zum 2:2 nach einer Ecke, die zuerst gekl\u00e4rt wurde. Im zweiten Versuch konnte ein Visbeker dann einnicken.<\/p>\n<p>Insgesamt ein \u00e4rgerliches Ergebnis bei so einem sp\u00e4ten Ausgleich. Man muss jedoch sagen, dass die Visbeker trotz Unterzahl besser waren und wir nicht den Ausgleich h\u00e4tten zulassen d\u00fcrfen. Es ist allerdings noch nichts verloren, denn n\u00e4chste Woche k\u00f6nnen wir im \u201eEndspiel\u201c den 1. Tabellenplatz gegen Neuenkirchen\/V\u00f6rden klarmachen.<\/p>\n<p>Mit sportlichem Gru\u00df<\/p>\n<p>Eure 1. A-Jugend<\/p>\n","protected":false},"excerpt":{"rendered":"<p>SW Osterfeine (2:2) RW Visbek Nach dem letzten guten Spiel, bei dem wir uns den Aufstieg gesichert haben, mussten wir am Wochenende gegen einen starken Gegner spielen. Wir wollten jedoch nicht nur den Aufstieg, sondern auch den 1. Tabellenplatz. Daher mussten Punkte gegen Visbek her. So starteten wir auch ins Spiel, denn Justus nickte nach [&hellip;]<\/p>\n","protected":false},"author":3,"featured_media":0,"comment_status":"closed","ping_status":"closed","sticky":false,"template":"","format":"standard","meta":{"footnotes":""},"categories":[3],"tags":[],"_links":{"self":[{"href":"https:\/\/sw-osterfeine.de\/index.php?rest_route=\/wp\/v2\/posts\/26148"}],"collection":[{"href":"https:\/\/sw-osterfeine.de\/index.php?rest_route=\/wp\/v2\/posts"}],"about":[{"href":"https:\/\/sw-osterfeine.de\/index.php?rest_route=\/wp\/v2\/types\/post"}],"author":[{"embeddable":true,"href":"https:\/\/sw-osterfeine.de\/index.php?rest_route=\/wp\/v2\/users\/3"}],"replies":[{"embeddable":true,"href":"https:\/\/sw-osterfeine.de\/index.php?rest_route=%2Fwp%2Fv2%2Fcomments&post=26148"}],"version-history":[{"count":1,"href":"https:\/\/sw-osterfeine.de\/index.php?rest_route=\/wp\/v2\/posts\/26148\/revisions"}],"predecessor-version":[{"id":26149,"href":"https:\/\/sw-osterfeine.de\/index.php?rest_route=\/wp\/v2\/posts\/26148\/revisions\/26149"}],"wp:attachment":[{"href":"https:\/\/sw-osterfeine.de\/index.php?rest_route=%2Fwp%2Fv2%2Fmedia&parent=26148"}],"wp:term":[{"taxonomy":"category","embeddable":true,"href":"https:\/\/sw-osterfeine.de\/index.php?rest_route=%2Fwp%2Fv2%2Fcategories&post=26148"},{"taxonomy":"post_tag","embeddable":true,"href":"https:\/\/sw-osterfeine.de\/index.php?rest_route=%2Fwp%2Fv2%2Ftags&post=26148"}],"curies":[{"name":"wp","href":"https:\/\/api.w.org\/{rel}","templated":true}]}}