{"id":26162,"date":"2019-10-29T10:48:19","date_gmt":"2019-10-29T09:48:19","guid":{"rendered":"https:\/\/sw-osterfeine.de\/?p=26162"},"modified":"2019-10-29T10:50:16","modified_gmt":"2019-10-29T09:50:16","slug":"dartmannschaft-gewinnt-brockumer-cup-of-darts","status":"publish","type":"post","link":"https:\/\/sw-osterfeine.de\/?p=26162","title":{"rendered":"Dartmannschaft gewinnt Brockumer Cup of Darts"},"content":{"rendered":"\n<p class=\"moz-quote-pre\">Am gestrigen Sonntag, den 27.10.2019 fanden sich gegen 16:30 Uhr 4 Mannschaften im gro\u00dfen Festzelt des Brockumer Marktes ein.<\/p>\n<p class=\"moz-quote-pre\">Am Abend zuvor hatte das A-Team noch ein Ligaspiel, welches souver\u00e4n mit 9:3 gewonnen worden ist! Feuer Frei f\u00fcr den Brockumer Markt Cup of Darts.<\/p>\n<p class=\"moz-quote-pre\">F\u00fcr Osterfeine am Start: Mattis Krimpenfort, Edgar Schneider, Hilger Magnus Zwick, Steffen Imsieke Es wurden pro Spiel immer 4 Einzel und 2 Doppelpartien gespielt , sodass man in einem Spiel maximal 6 Punkte (Sets) erreichen konnte. -TSV Drebber vs SW Osterfeine- Im ersten Spiel bekamen wir es mit der Abordnung des TSV Drebber zutun. Mattis kam erst &#8217;sp\u00e4t&#8216; in die Partie , konnte diese aber am Ende souver\u00e4n f\u00fcr sich entscheiden.<\/p>\n<p class=\"moz-quote-pre\">Nebenan hatte Steffen Imsieke es mit einem extrem stark spielenden Gegner zutun &#8211; Jannes Bremermann- . Beim 1:2 R\u00fcckstand konnte Imi aber ein paar G\u00e4nge hochschalten und lie\u00df seinem Gegner im Decider keine Chance mehr. (High Finish 109, Short Leg 15) Edgar und Hilger spielten routiniert auf und gewannen ihre Spiele sicher. So konnten wir uns nach den Einzeln schon die ersten Punkte f\u00fcr die Gesamtwertung sichern. In den Doppeln ging es dann 1:1 aus (Steffen und Mattis Niederlage, Edgar und Hilger mit dem n\u00e4chsten Sieg! ) , sodass wir insgesamt mit 5:1 Sets gewonnen haben. Stabiler Start !<\/p>\n<p class=\"moz-quote-pre\">-DC Gallier Diepholz vs SW Osterfeine- Im zweiten Spiel des Tages duellierte sich Steffen mit J\u00f6rg Ellermann aus Diepholz. Wieder etwas Startschwierigkeiten , aber am Ende ein sicherer 3:1 Sieg. (Short Leg 18) Mattis musste sich gegen Andre geschlagen geben. Bei Edgar und Hilger sah es \u00e4hnlich aus. Edgar gewinnt sein Spiel wiederum souver\u00e4n , wobei Hilger etwas Probleme im Scoring hatte und das Spiel leider abgab. Vor den entscheidenden Doppelspielen stand es also 2:2. In den Doppeln gab es einen \u00e4hnlichen Verlauf. Wir stehen in beiden Partien mit dem R\u00fccken zur Wand (je 0:2 hinten). Der Kampfgeist brachte uns aber jeweils in das entscheidende 5. Leg. Eddi und Hilger konnten es leider nicht mehr ganz durchspielen, aber Mattis und Steffen holten uns den wichtigen 3. Punkt. Endstand : 3:3 -Sulingen vs. SW Osterfeine<\/p>\n<p class=\"moz-quote-pre\">&#8211; Nun war es also klar, ein Sieg noch und wir w\u00fcrden uns den Turniersieg sichern. Mit dieser Motivation marschierten wir in die Einzel ! Steffen und Mattis gewinnen ihre Partien , Edgar bleibt seiner herausragenden Form treu und fertigte seinen Gegner ab (Short Leg 14). Hilger verlor etwas den Tritt und hatte das Nachsehen. Einen Punkt hatten wir also sicher ! Jetzt fehlte nur noch ein Sieg um uns den Titel zu sichern. (3:1) In den Doppeln wurde es dann wahnsinnig, Hilger Magnus Zwick wirft im Spiel eine 180 und der Osterfeiner Anhang stimmt Lieder ein<\/p>\n<p class=\"moz-quote-pre\">&#8211; Jedem war nun klar das wir uns den Sieg holen. 20 Sekunden sp\u00e4ter am Nebenboard steht Steffen bei 170 Punkten Rest, der h\u00f6chstm\u00f6gliche Checkout im Dart. Konzentration: Triple 20, Triple 20 , Bullseye &#8211; BOOM! Jetzt waren alle D\u00e4mme gebrochen und wir waren befl\u00fcgelt von unserem Spiel. Beide Doppelpartien konnten wir zu unserem Gunsten verbuchen. TURNIERSIEG!!<\/p>\n<p class=\"moz-quote-pre\">Fazit: Wir haben da ne verdammt geile Truppe. Ob Spieler oder alle die zum Unterst\u00fctzen da waren, da w\u00e4chst was zusammen. Ich freue mich drauf !<\/p>\n<p class=\"moz-quote-pre\">Good Darts und Game on !<\/p>\n<p class=\"moz-quote-pre\">Imi<\/p>\n\n\t\t<style type=\"text\/css\">\n\t\t\t#gallery-1 {\n\t\t\t\tmargin: auto;\n\t\t\t}\n\t\t\t#gallery-1 .gallery-item {\n\t\t\t\tfloat: left;\n\t\t\t\tmargin-top: 10px;\n\t\t\t\ttext-align: center;\n\t\t\t\twidth: 33%;\n\t\t\t}\n\t\t\t#gallery-1 img {\n\t\t\t\tborder: 2px solid #cfcfcf;\n\t\t\t}\n\t\t\t#gallery-1 .gallery-caption {\n\t\t\t\tmargin-left: 0;\n\t\t\t}\n\t\t\t\/* see gallery_shortcode() in wp-includes\/media.php *\/\n\t\t<\/style>\n\t\t<div id='gallery-1' class='gallery galleryid-26162 gallery-columns-3 gallery-size-thumbnail'><dl class='gallery-item'>\n\t\t\t<dt class='gallery-icon landscape'>\n\t\t\t\t<a href='https:\/\/sw-osterfeine.de\/wp-content\/uploads\/2019\/10\/IMG-20191027-WA0052.jpg' title=\"\" data-rl_title=\"\" class=\"rl-gallery-link\" data-rl_caption=\"\" data-rel=\"lightbox-gallery-1\"><img loading=\"lazy\" decoding=\"async\" width=\"150\" height=\"150\" src=\"https:\/\/sw-osterfeine.de\/wp-content\/uploads\/2019\/10\/IMG-20191027-WA0052-150x150.jpg\" class=\"attachment-thumbnail size-thumbnail\" alt=\"\" \/><\/a>\n\t\t\t<\/dt><\/dl><dl class='gallery-item'>\n\t\t\t<dt class='gallery-icon landscape'>\n\t\t\t\t<a href='https:\/\/sw-osterfeine.de\/wp-content\/uploads\/2019\/10\/IMG-20191027-WA0055.jpg' title=\"\" data-rl_title=\"\" class=\"rl-gallery-link\" data-rl_caption=\"\" data-rel=\"lightbox-gallery-1\"><img loading=\"lazy\" decoding=\"async\" width=\"150\" height=\"150\" src=\"https:\/\/sw-osterfeine.de\/wp-content\/uploads\/2019\/10\/IMG-20191027-WA0055-150x150.jpg\" class=\"attachment-thumbnail size-thumbnail\" alt=\"\" \/><\/a>\n\t\t\t<\/dt><\/dl><dl class='gallery-item'>\n\t\t\t<dt class='gallery-icon portrait'>\n\t\t\t\t<a href='https:\/\/sw-osterfeine.de\/wp-content\/uploads\/2019\/10\/IMG-20191027-WA0056.jpg' title=\"\" data-rl_title=\"\" class=\"rl-gallery-link\" data-rl_caption=\"\" data-rel=\"lightbox-gallery-1\"><img loading=\"lazy\" decoding=\"async\" width=\"150\" height=\"150\" src=\"https:\/\/sw-osterfeine.de\/wp-content\/uploads\/2019\/10\/IMG-20191027-WA0056-150x150.jpg\" class=\"attachment-thumbnail size-thumbnail\" alt=\"\" \/><\/a>\n\t\t\t<\/dt><\/dl><br style=\"clear: both\" \/><dl class='gallery-item'>\n\t\t\t<dt class='gallery-icon portrait'>\n\t\t\t\t<a href='https:\/\/sw-osterfeine.de\/wp-content\/uploads\/2019\/10\/IMG-20191027-WA0057.jpg' title=\"\" data-rl_title=\"\" class=\"rl-gallery-link\" data-rl_caption=\"\" data-rel=\"lightbox-gallery-1\"><img loading=\"lazy\" decoding=\"async\" width=\"150\" height=\"150\" src=\"https:\/\/sw-osterfeine.de\/wp-content\/uploads\/2019\/10\/IMG-20191027-WA0057-150x150.jpg\" class=\"attachment-thumbnail size-thumbnail\" alt=\"\" \/><\/a>\n\t\t\t<\/dt><\/dl>\n\t\t\t<br style='clear: both' \/>\n\t\t<\/div>\n\n","protected":false},"excerpt":{"rendered":"<p>Am gestrigen Sonntag, den 27.10.2019 fanden sich gegen 16:30 Uhr 4 Mannschaften im gro\u00dfen Festzelt des Brockumer Marktes ein. Am Abend zuvor hatte das A-Team noch ein Ligaspiel, welches souver\u00e4n mit 9:3 gewonnen worden ist! Feuer Frei f\u00fcr den Brockumer Markt Cup of Darts. F\u00fcr Osterfeine am Start: Mattis Krimpenfort, Edgar Schneider, Hilger Magnus Zwick, [&hellip;]<\/p>\n","protected":false},"author":3,"featured_media":0,"comment_status":"closed","ping_status":"closed","sticky":false,"template":"","format":"standard","meta":{"footnotes":""},"categories":[81],"tags":[],"_links":{"self":[{"href":"https:\/\/sw-osterfeine.de\/index.php?rest_route=\/wp\/v2\/posts\/26162"}],"collection":[{"href":"https:\/\/sw-osterfeine.de\/index.php?rest_route=\/wp\/v2\/posts"}],"about":[{"href":"https:\/\/sw-osterfeine.de\/index.php?rest_route=\/wp\/v2\/types\/post"}],"author":[{"embeddable":true,"href":"https:\/\/sw-osterfeine.de\/index.php?rest_route=\/wp\/v2\/users\/3"}],"replies":[{"embeddable":true,"href":"https:\/\/sw-osterfeine.de\/index.php?rest_route=%2Fwp%2Fv2%2Fcomments&post=26162"}],"version-history":[{"count":3,"href":"https:\/\/sw-osterfeine.de\/index.php?rest_route=\/wp\/v2\/posts\/26162\/revisions"}],"predecessor-version":[{"id":26169,"href":"https:\/\/sw-osterfeine.de\/index.php?rest_route=\/wp\/v2\/posts\/26162\/revisions\/26169"}],"wp:attachment":[{"href":"https:\/\/sw-osterfeine.de\/index.php?rest_route=%2Fwp%2Fv2%2Fmedia&parent=26162"}],"wp:term":[{"taxonomy":"category","embeddable":true,"href":"https:\/\/sw-osterfeine.de\/index.php?rest_route=%2Fwp%2Fv2%2Fcategories&post=26162"},{"taxonomy":"post_tag","embeddable":true,"href":"https:\/\/sw-osterfeine.de\/index.php?rest_route=%2Fwp%2Fv2%2Ftags&post=26162"}],"curies":[{"name":"wp","href":"https:\/\/api.w.org\/{rel}","templated":true}]}}