{"id":26515,"date":"2019-11-11T08:21:27","date_gmt":"2019-11-11T07:21:27","guid":{"rendered":"https:\/\/sw-osterfeine.de\/?p=26515"},"modified":"2019-11-11T08:21:27","modified_gmt":"2019-11-11T07:21:27","slug":"iii-herren-bericht-4","status":"publish","type":"post","link":"https:\/\/sw-osterfeine.de\/?p=26515","title":{"rendered":"III.Herren &#8211; Bericht"},"content":{"rendered":"\n<p>SV SW Kroge-Ehrendorf II 3:3 SW Osterfeine III<\/p>\n<p>Gut, dass nun die R\u00fcckrunde f\u00fcr die III. Herren beginnt. Denn auch das Spiel gegen Kroge zeigte wieder die gleichen Probleme, die uns bereits die gesamte Hinrunde begleiten. Eine \u00fcber weite Strecken gute Spielanlage, aber eben auch fehlende Effektivit\u00e4t und unn\u00f6tige Fehler, die uns am Ende Punkte kosten.<\/p>\n<p>Die erste Halbzeit begann gegen unseren direkten Konkurrenten direkt mit einem Tiefschlag. Nachdem der Ball aus dem Kroger Mittelfeld auf unsere rechte Verteidigungsseite gespielt wurde lie\u00df deren Au\u00dfenspieler Tobi \u201eTorgarant\u201c Fangmann ins Leere laufen und zirkelte den Ball in der 4. Minute ins lange Eck. In der Folge traten wir hektisch auf, was auf dem schmalen Platz zu vielen Ballverlusten f\u00fchrte. Ein richtiges Spiel kam nicht zustande. Zu allem \u00dcberfluss trat \u201eKamma\u201c Kampsen als letzter Mann in der 26. Spielminute \u00fcber den Ball und erm\u00f6glichte somit dem Kroger St\u00fcrmer den Treffer zum 2:0. Dieser erneute R\u00fcckschlag schien sich allerdings als eine Art Weckruf herauszustellen. Wir traten zunehmend zwingender nach vorne auf, erspielten uns Chancen und arbeiteten in der Defensive zunehmend konzentrierter gegen den Ball. Insbesondere Kapit\u00e4n Julian Heye-Enneking stellte h\u00e4ufig als einziger 6er ein un\u00fcberwindbares Hindernis f\u00fcr die Kroger Angriffsbem\u00fchungen dar. In der 39. Minute belohnten wir uns dann endlich f\u00fcr unsere Bem\u00fchungen. Nachdem der Ball auf unserer linken Angriffsseite zu Malte abgef\u00e4lscht wurde traute sich dieser aus spitzem Winkel den Abschluss zu und traf ins kurze Eck.<\/p>\n<p>Auch nach der Halbzeit machten wir genau da weiter, wo wir aufgeh\u00f6rt hatten. Es entwickelte sich ein Spiel, das nur eine Richtung kannte. Nach 54 Minuten war es dann Tobi, der den Ball in der eigenen H\u00e4lfte eroberte und den Konter \u00fcber Philipp \u201eProppen\u201c Rusche einleitete. Dieser gab den Ball im richtigen Moment weiter an Steffen Breitenstein, der sich zun\u00e4chst im 1 gegen 1 durchsetzte und den Ball dann ins Toreck schob. Der Glaube an die 3 Punkte war wieder da. Unsere Euphorie bekam allerdings nur eine Minute sp\u00e4ter einen D\u00e4mpfer. Eine riesige L\u00fccke zwischen unserer Verteidigung und dem Mittelfeld nutzte ein Kroger Spieler, um den Ball aus ca. 22 m direkt unter der Latte zu platzieren. Wir mussten also wieder einem R\u00fcckstand hinterherlaufen. Der nahende Sportlerball schien jedoch die letzten Kr\u00e4fte freizusetzen. Wir spielten weiter guten Fu\u00dfball und erspielten uns Chancen, von denen jedoch keine den Weg ins Tor fand. Nach einem R\u00fcckpass des Gegners zum eigenen Torwart bekamen wir in der 60. Minute dann die Chance per Standardsituation (indirekter Freisto\u00df im Strafraum) dieses Manko auszugleichen. Zwar sollte auch das nicht gelingen, in der anschlie\u00dfenden Unordnung im Strafraum wurde allerdings Heye zu Fall gebracht. Den f\u00e4lligen Strafsto\u00df verwandelte der Capitano dann auch h\u00f6chstpers\u00f6nlich. Da der erste Treffer jedoch zur\u00fcckgepfiffen wurde, da einer unserer Spieler zu fr\u00fch in den Strafraum gelaufen war musste er noch ein zweites Mal ran. Auch diesen zweiten Versuch brachte Heye im Tor unter und startete so die erneute Jagd auf die 3 Punkte. Trotz unserer weiteren \u00dcberlegenheit und zahlreicher Chancen bis zum Schlusspfiff sollte uns aber dennoch kein Sieg gelingen.<br \/>Bedanken wollen wir uns selbstverst\u00e4ndlich auch heute wieder bei den zahlreichen Aushilfskr\u00e4ften. Henni Berens und Philipp Rusche aus der I. Herren, sowie Steffen Breitenstein, Alexander bei der Hake und Pawel Kubik aus der II. Herren haben uns wie immer tatkr\u00e4ftig unterst\u00fctzt und ihren Teil zu unserer \u00dcberlegenheit beigetragen, auch wenn es nicht von Erfolg gekr\u00f6nt war.\u00a0<\/p>\n<p>Den n\u00e4chsten Versuch starten wir nach dem Sportlerballwochenende am 10.11. in Osterfeine. Im ersten Heimspiel der R\u00fcckrunde erwarten wir abermals den heutigen Gegner. Auf heimischem Platz wollen wir da weitermachen, wo wir aufgeh\u00f6rt haben und den R\u00fcckrundenstart positiv gestalten.<\/p>\n<p>\u00a0<\/p>\n<p>Mit freundlichen Gr\u00fc\u00dfen<\/p>\n<p>Coach P.<\/p>\n","protected":false},"excerpt":{"rendered":"<p>SV SW Kroge-Ehrendorf II 3:3 SW Osterfeine III Gut, dass nun die R\u00fcckrunde f\u00fcr die III. Herren beginnt. Denn auch das Spiel gegen Kroge zeigte wieder die gleichen Probleme, die uns bereits die gesamte Hinrunde begleiten. Eine \u00fcber weite Strecken gute Spielanlage, aber eben auch fehlende Effektivit\u00e4t und unn\u00f6tige Fehler, die uns am Ende Punkte [&hellip;]<\/p>\n","protected":false},"author":3,"featured_media":0,"comment_status":"closed","ping_status":"closed","sticky":false,"template":"","format":"standard","meta":{"footnotes":""},"categories":[3],"tags":[],"_links":{"self":[{"href":"https:\/\/sw-osterfeine.de\/index.php?rest_route=\/wp\/v2\/posts\/26515"}],"collection":[{"href":"https:\/\/sw-osterfeine.de\/index.php?rest_route=\/wp\/v2\/posts"}],"about":[{"href":"https:\/\/sw-osterfeine.de\/index.php?rest_route=\/wp\/v2\/types\/post"}],"author":[{"embeddable":true,"href":"https:\/\/sw-osterfeine.de\/index.php?rest_route=\/wp\/v2\/users\/3"}],"replies":[{"embeddable":true,"href":"https:\/\/sw-osterfeine.de\/index.php?rest_route=%2Fwp%2Fv2%2Fcomments&post=26515"}],"version-history":[{"count":1,"href":"https:\/\/sw-osterfeine.de\/index.php?rest_route=\/wp\/v2\/posts\/26515\/revisions"}],"predecessor-version":[{"id":26516,"href":"https:\/\/sw-osterfeine.de\/index.php?rest_route=\/wp\/v2\/posts\/26515\/revisions\/26516"}],"wp:attachment":[{"href":"https:\/\/sw-osterfeine.de\/index.php?rest_route=%2Fwp%2Fv2%2Fmedia&parent=26515"}],"wp:term":[{"taxonomy":"category","embeddable":true,"href":"https:\/\/sw-osterfeine.de\/index.php?rest_route=%2Fwp%2Fv2%2Fcategories&post=26515"},{"taxonomy":"post_tag","embeddable":true,"href":"https:\/\/sw-osterfeine.de\/index.php?rest_route=%2Fwp%2Fv2%2Ftags&post=26515"}],"curies":[{"name":"wp","href":"https:\/\/api.w.org\/{rel}","templated":true}]}}