{"id":26555,"date":"2019-11-20T12:05:05","date_gmt":"2019-11-20T11:05:05","guid":{"rendered":"https:\/\/sw-osterfeine.de\/?p=26555"},"modified":"2019-11-20T12:06:34","modified_gmt":"2019-11-20T11:06:34","slug":"halbzeitpause-beim-spiel-sw-osterfeine-gegen-brockdorf-ein-geschenk-fuer-die-osv-jugend","status":"publish","type":"post","link":"https:\/\/sw-osterfeine.de\/?p=26555","title":{"rendered":"Halbzeitpause beim Spiel SW Osterfeine gegen Brockdorf ein Geschenk f\u00fcr die OSV-Jugend"},"content":{"rendered":"\n<p>\u00a0<\/p>\n<p>In der Pause des Bezirksligaspiels SW Osterfeine gegen GW Brockdorf gab es gleich 2 freudige Scheck\u00fcberreichungen f\u00fcr den Sportverein SW Osterfeine.<\/p>\n<p>Im Vordergrund stand die Scheck\u00fcberreichung durch den Jugendausschuss des NFV f\u00fcr die Ausbildung von Luc Ihorst im Sportverein SW Osterfeine. Luc Ihorst hatte in der A-Jugend mehrere Jugendl\u00e4nderspiele f\u00fcr Deutschland absolviert.<\/p>\n<p>Dazu nochmal Gl\u00fcckwunsch an Luc. Danke, dass Du am Sonntag in Osterfeine dabei warst. Der ganze OSV w\u00fcnscht Dir weiterhin f\u00fcr Deine fu\u00dfballerische Entwicklung Alles Gute und weiterhin viel sportlichen Erfolg.<\/p>\n<p>Anschlie\u00dfend erfolgte durch Thomas Hillmann eine weitere Scheck\u00fcbergabe f\u00fcr die OSV-Nachwuchsarbeit durch die ERGO Versicherung in Osterfeine. Der OSV sagt auch hier vielen Dank f\u00fcr die lange tatkr\u00e4ftige Unterst\u00fctzung.<\/p>\n<p>Stellvertretend f\u00fcr unseren Verein nahmen Spieler unserer D-I-Fu\u00dfballjugendmannschaften die Geldpr\u00e4sente in Empfang.<\/p>\n<p>bis dann<\/p>\n<p>Bubble<\/p>\n\n\t\t<style type=\"text\/css\">\n\t\t\t#gallery-1 {\n\t\t\t\tmargin: auto;\n\t\t\t}\n\t\t\t#gallery-1 .gallery-item {\n\t\t\t\tfloat: left;\n\t\t\t\tmargin-top: 10px;\n\t\t\t\ttext-align: center;\n\t\t\t\twidth: 33%;\n\t\t\t}\n\t\t\t#gallery-1 img {\n\t\t\t\tborder: 2px solid #cfcfcf;\n\t\t\t}\n\t\t\t#gallery-1 .gallery-caption {\n\t\t\t\tmargin-left: 0;\n\t\t\t}\n\t\t\t\/* see gallery_shortcode() in wp-includes\/media.php *\/\n\t\t<\/style>\n\t\t<div id='gallery-1' class='gallery galleryid-26555 gallery-columns-3 gallery-size-thumbnail'><dl class='gallery-item'>\n\t\t\t<dt class='gallery-icon landscape'>\n\t\t\t\t<a href='https:\/\/sw-osterfeine.de\/wp-content\/uploads\/2019\/11\/DSC_5843.jpg' title=\"\" data-rl_title=\"\" class=\"rl-gallery-link\" data-rl_caption=\"\" data-rel=\"lightbox-gallery-1\"><img loading=\"lazy\" decoding=\"async\" width=\"150\" height=\"150\" src=\"https:\/\/sw-osterfeine.de\/wp-content\/uploads\/2019\/11\/DSC_5843-150x150.jpg\" class=\"attachment-thumbnail size-thumbnail\" alt=\"\" \/><\/a>\n\t\t\t<\/dt><\/dl><dl class='gallery-item'>\n\t\t\t<dt class='gallery-icon landscape'>\n\t\t\t\t<a href='https:\/\/sw-osterfeine.de\/wp-content\/uploads\/2019\/11\/DSC_5845-Kopie.jpg' title=\"\" data-rl_title=\"\" class=\"rl-gallery-link\" data-rl_caption=\"\" data-rel=\"lightbox-gallery-1\"><img loading=\"lazy\" decoding=\"async\" width=\"150\" height=\"150\" src=\"https:\/\/sw-osterfeine.de\/wp-content\/uploads\/2019\/11\/DSC_5845-Kopie-150x150.jpg\" class=\"attachment-thumbnail size-thumbnail\" alt=\"\" \/><\/a>\n\t\t\t<\/dt><\/dl><dl class='gallery-item'>\n\t\t\t<dt class='gallery-icon landscape'>\n\t\t\t\t<a href='https:\/\/sw-osterfeine.de\/wp-content\/uploads\/2019\/11\/DSC_5857.jpg' title=\"\" data-rl_title=\"\" class=\"rl-gallery-link\" data-rl_caption=\"\" data-rel=\"lightbox-gallery-1\"><img loading=\"lazy\" decoding=\"async\" width=\"150\" height=\"150\" src=\"https:\/\/sw-osterfeine.de\/wp-content\/uploads\/2019\/11\/DSC_5857-150x150.jpg\" class=\"attachment-thumbnail size-thumbnail\" alt=\"\" \/><\/a>\n\t\t\t<\/dt><\/dl><br style=\"clear: both\" \/><dl class='gallery-item'>\n\t\t\t<dt class='gallery-icon landscape'>\n\t\t\t\t<a href='https:\/\/sw-osterfeine.de\/wp-content\/uploads\/2019\/11\/DSC_5851.jpg' title=\"\" data-rl_title=\"\" class=\"rl-gallery-link\" data-rl_caption=\"\" data-rel=\"lightbox-gallery-1\"><img loading=\"lazy\" decoding=\"async\" width=\"150\" height=\"150\" src=\"https:\/\/sw-osterfeine.de\/wp-content\/uploads\/2019\/11\/DSC_5851-150x150.jpg\" class=\"attachment-thumbnail size-thumbnail\" alt=\"\" \/><\/a>\n\t\t\t<\/dt><\/dl>\n\t\t\t<br style='clear: both' \/>\n\t\t<\/div>\n\n","protected":false},"excerpt":{"rendered":"<p>\u00a0 In der Pause des Bezirksligaspiels SW Osterfeine gegen GW Brockdorf gab es gleich 2 freudige Scheck\u00fcberreichungen f\u00fcr den Sportverein SW Osterfeine. Im Vordergrund stand die Scheck\u00fcberreichung durch den Jugendausschuss des NFV f\u00fcr die Ausbildung von Luc Ihorst im Sportverein SW Osterfeine. Luc Ihorst hatte in der A-Jugend mehrere Jugendl\u00e4nderspiele f\u00fcr Deutschland absolviert. Dazu nochmal [&hellip;]<\/p>\n","protected":false},"author":3,"featured_media":0,"comment_status":"closed","ping_status":"closed","sticky":false,"template":"","format":"standard","meta":{"footnotes":""},"categories":[3],"tags":[],"_links":{"self":[{"href":"https:\/\/sw-osterfeine.de\/index.php?rest_route=\/wp\/v2\/posts\/26555"}],"collection":[{"href":"https:\/\/sw-osterfeine.de\/index.php?rest_route=\/wp\/v2\/posts"}],"about":[{"href":"https:\/\/sw-osterfeine.de\/index.php?rest_route=\/wp\/v2\/types\/post"}],"author":[{"embeddable":true,"href":"https:\/\/sw-osterfeine.de\/index.php?rest_route=\/wp\/v2\/users\/3"}],"replies":[{"embeddable":true,"href":"https:\/\/sw-osterfeine.de\/index.php?rest_route=%2Fwp%2Fv2%2Fcomments&post=26555"}],"version-history":[{"count":2,"href":"https:\/\/sw-osterfeine.de\/index.php?rest_route=\/wp\/v2\/posts\/26555\/revisions"}],"predecessor-version":[{"id":26561,"href":"https:\/\/sw-osterfeine.de\/index.php?rest_route=\/wp\/v2\/posts\/26555\/revisions\/26561"}],"wp:attachment":[{"href":"https:\/\/sw-osterfeine.de\/index.php?rest_route=%2Fwp%2Fv2%2Fmedia&parent=26555"}],"wp:term":[{"taxonomy":"category","embeddable":true,"href":"https:\/\/sw-osterfeine.de\/index.php?rest_route=%2Fwp%2Fv2%2Fcategories&post=26555"},{"taxonomy":"post_tag","embeddable":true,"href":"https:\/\/sw-osterfeine.de\/index.php?rest_route=%2Fwp%2Fv2%2Ftags&post=26555"}],"curies":[{"name":"wp","href":"https:\/\/api.w.org\/{rel}","templated":true}]}}