{"id":26612,"date":"2019-12-03T10:18:57","date_gmt":"2019-12-03T09:18:57","guid":{"rendered":"https:\/\/sw-osterfeine.de\/?p=26612"},"modified":"2019-12-03T12:36:14","modified_gmt":"2019-12-03T11:36:14","slug":"handball-weihnachtsfeier-2","status":"publish","type":"post","link":"https:\/\/sw-osterfeine.de\/?p=26612","title":{"rendered":"Handball &#8211; Weihnachtsfeier"},"content":{"rendered":"\n<p>Am vergangenen Freitag veranstaltete der OSV eine kleine Adventsfeier f\u00fcr die Handballerinnen + Familie der F-Jugend und den beiden Mini Mannschaften.<br \/>F\u00fcr die Kinder wurde in der Halle f\u00fcr Spa\u00df gesorgt. In der einen Hallenh\u00e4lfte wurde ein Parkour aufgebaut und in der anderen wurde Fu\u00dfball gespielt. Daher waren die Kinder auch ordentlich kaputt und freuten sich umso mehr auf die Kaffee- und Kuchenpause. Dort bekamen sie ohne Ende selbstgemachten Kuchen und S\u00fc\u00dfigkeiten, also alles was das Herz begehrt .Das Highlight der Adventsfeier war der Besuch des Nikolaus, zwar kam der Nikolaus schon am Morgen in die Gesch\u00e4ftsstelle und verpasste somit leider die Kinder, dennoch hinterlie\u00df er ganz viele Geschenke und ein paar nette Worte an die Mannschaften. Zum Leidwesen der Kinder, mussten sie sich, bevor es die Geschenke von Hanna und Marie gab, noch einmal in einem Kreis zusammenfinden und dem FSJ\u2019ler Luca zuh\u00f6ren, der ihnen eine Weihnachtsgeschichte vorlas und die netten Worte des Nikolaus \u00fcberbrachte.\u00a0<\/p>\n<p>Bedanken wollen wir uns bei Petra, Jessi, Linda, Lauri, Marie, Hanna und Luca die tatkr\u00e4ftig beim Auf- und Abbau geholfen haben und auch bei der Feier daf\u00fcr gesorgt haben, dass alles reibungslos funktioniert hat.<\/p>\n<p>Zum Abschluss kann man sagen, dass es eine gelungene Adventsfeier war, die den Kindern eine Menge Spa\u00df gebracht hat und wenn die Kinder gl\u00fccklich sind, sind es die Eltern nat\u00fcrlich auch.<\/p>\n<p>Viele Gr\u00fc\u00dfe<\/p>\n<p>Luca<\/p>\n\n\t\t<style type=\"text\/css\">\n\t\t\t#gallery-1 {\n\t\t\t\tmargin: auto;\n\t\t\t}\n\t\t\t#gallery-1 .gallery-item {\n\t\t\t\tfloat: left;\n\t\t\t\tmargin-top: 10px;\n\t\t\t\ttext-align: center;\n\t\t\t\twidth: 33%;\n\t\t\t}\n\t\t\t#gallery-1 img {\n\t\t\t\tborder: 2px solid #cfcfcf;\n\t\t\t}\n\t\t\t#gallery-1 .gallery-caption {\n\t\t\t\tmargin-left: 0;\n\t\t\t}\n\t\t\t\/* see gallery_shortcode() in wp-includes\/media.php *\/\n\t\t<\/style>\n\t\t<div id='gallery-1' class='gallery galleryid-26612 gallery-columns-3 gallery-size-thumbnail'><dl class='gallery-item'>\n\t\t\t<dt class='gallery-icon landscape'>\n\t\t\t\t<a href='https:\/\/sw-osterfeine.de\/wp-content\/uploads\/2019\/12\/05781e70-7541-4728-a7d6-d0650c6511ca.jpg' title=\"\" data-rl_title=\"\" class=\"rl-gallery-link\" data-rl_caption=\"\" data-rel=\"lightbox-gallery-1\"><img loading=\"lazy\" decoding=\"async\" width=\"150\" height=\"150\" src=\"https:\/\/sw-osterfeine.de\/wp-content\/uploads\/2019\/12\/05781e70-7541-4728-a7d6-d0650c6511ca-150x150.jpg\" class=\"attachment-thumbnail size-thumbnail\" alt=\"\" \/><\/a>\n\t\t\t<\/dt><\/dl><dl class='gallery-item'>\n\t\t\t<dt class='gallery-icon landscape'>\n\t\t\t\t<a href='https:\/\/sw-osterfeine.de\/wp-content\/uploads\/2019\/12\/51f747bc-a8a1-4595-920b-faf970c5a2b3.jpg' title=\"\" data-rl_title=\"\" class=\"rl-gallery-link\" data-rl_caption=\"\" data-rel=\"lightbox-gallery-1\"><img loading=\"lazy\" decoding=\"async\" width=\"150\" height=\"150\" src=\"https:\/\/sw-osterfeine.de\/wp-content\/uploads\/2019\/12\/51f747bc-a8a1-4595-920b-faf970c5a2b3-150x150.jpg\" class=\"attachment-thumbnail size-thumbnail\" alt=\"\" \/><\/a>\n\t\t\t<\/dt><\/dl><dl class='gallery-item'>\n\t\t\t<dt class='gallery-icon landscape'>\n\t\t\t\t<a href='https:\/\/sw-osterfeine.de\/wp-content\/uploads\/2019\/12\/ec896e73-1e43-4318-a6b8-84b7a95dffec.jpg' title=\"\" data-rl_title=\"\" class=\"rl-gallery-link\" data-rl_caption=\"\" data-rel=\"lightbox-gallery-1\"><img loading=\"lazy\" decoding=\"async\" width=\"150\" height=\"150\" src=\"https:\/\/sw-osterfeine.de\/wp-content\/uploads\/2019\/12\/ec896e73-1e43-4318-a6b8-84b7a95dffec-150x150.jpg\" class=\"attachment-thumbnail size-thumbnail\" alt=\"\" \/><\/a>\n\t\t\t<\/dt><\/dl><br style=\"clear: both\" \/><dl class='gallery-item'>\n\t\t\t<dt class='gallery-icon landscape'>\n\t\t\t\t<a href='https:\/\/sw-osterfeine.de\/wp-content\/uploads\/2019\/12\/9198ee1e-2499-4017-b63b-2c71df47cac0.jpg' title=\"\" data-rl_title=\"\" class=\"rl-gallery-link\" data-rl_caption=\"\" data-rel=\"lightbox-gallery-1\"><img loading=\"lazy\" decoding=\"async\" width=\"150\" height=\"150\" src=\"https:\/\/sw-osterfeine.de\/wp-content\/uploads\/2019\/12\/9198ee1e-2499-4017-b63b-2c71df47cac0-150x150.jpg\" class=\"attachment-thumbnail size-thumbnail\" alt=\"\" \/><\/a>\n\t\t\t<\/dt><\/dl><dl class='gallery-item'>\n\t\t\t<dt class='gallery-icon landscape'>\n\t\t\t\t<a href='https:\/\/sw-osterfeine.de\/wp-content\/uploads\/2019\/12\/087067c1-132a-4753-b332-e047eed2a439.jpg' title=\"\" data-rl_title=\"\" class=\"rl-gallery-link\" data-rl_caption=\"\" data-rel=\"lightbox-gallery-1\"><img loading=\"lazy\" decoding=\"async\" width=\"150\" height=\"150\" src=\"https:\/\/sw-osterfeine.de\/wp-content\/uploads\/2019\/12\/087067c1-132a-4753-b332-e047eed2a439-150x150.jpg\" class=\"attachment-thumbnail size-thumbnail\" alt=\"\" \/><\/a>\n\t\t\t<\/dt><\/dl><dl class='gallery-item'>\n\t\t\t<dt class='gallery-icon landscape'>\n\t\t\t\t<a href='https:\/\/sw-osterfeine.de\/wp-content\/uploads\/2019\/12\/98a7a5f5-015c-48e8-ab54-721613cafa9d.jpg' title=\"\" data-rl_title=\"\" class=\"rl-gallery-link\" data-rl_caption=\"\" data-rel=\"lightbox-gallery-1\"><img loading=\"lazy\" decoding=\"async\" width=\"150\" height=\"150\" src=\"https:\/\/sw-osterfeine.de\/wp-content\/uploads\/2019\/12\/98a7a5f5-015c-48e8-ab54-721613cafa9d-150x150.jpg\" class=\"attachment-thumbnail size-thumbnail\" alt=\"\" \/><\/a>\n\t\t\t<\/dt><\/dl><br style=\"clear: both\" \/>\n\t\t<\/div>\n\n","protected":false},"excerpt":{"rendered":"<p>Am vergangenen Freitag veranstaltete der OSV eine kleine Adventsfeier f\u00fcr die Handballerinnen + Familie der F-Jugend und den beiden Mini Mannschaften.F\u00fcr die Kinder wurde in der Halle f\u00fcr Spa\u00df gesorgt. In der einen Hallenh\u00e4lfte wurde ein Parkour aufgebaut und in der anderen wurde Fu\u00dfball gespielt. Daher waren die Kinder auch ordentlich kaputt und freuten sich [&hellip;]<\/p>\n","protected":false},"author":3,"featured_media":0,"comment_status":"closed","ping_status":"closed","sticky":false,"template":"","format":"standard","meta":{"footnotes":""},"categories":[1],"tags":[],"_links":{"self":[{"href":"https:\/\/sw-osterfeine.de\/index.php?rest_route=\/wp\/v2\/posts\/26612"}],"collection":[{"href":"https:\/\/sw-osterfeine.de\/index.php?rest_route=\/wp\/v2\/posts"}],"about":[{"href":"https:\/\/sw-osterfeine.de\/index.php?rest_route=\/wp\/v2\/types\/post"}],"author":[{"embeddable":true,"href":"https:\/\/sw-osterfeine.de\/index.php?rest_route=\/wp\/v2\/users\/3"}],"replies":[{"embeddable":true,"href":"https:\/\/sw-osterfeine.de\/index.php?rest_route=%2Fwp%2Fv2%2Fcomments&post=26612"}],"version-history":[{"count":3,"href":"https:\/\/sw-osterfeine.de\/index.php?rest_route=\/wp\/v2\/posts\/26612\/revisions"}],"predecessor-version":[{"id":26633,"href":"https:\/\/sw-osterfeine.de\/index.php?rest_route=\/wp\/v2\/posts\/26612\/revisions\/26633"}],"wp:attachment":[{"href":"https:\/\/sw-osterfeine.de\/index.php?rest_route=%2Fwp%2Fv2%2Fmedia&parent=26612"}],"wp:term":[{"taxonomy":"category","embeddable":true,"href":"https:\/\/sw-osterfeine.de\/index.php?rest_route=%2Fwp%2Fv2%2Fcategories&post=26612"},{"taxonomy":"post_tag","embeddable":true,"href":"https:\/\/sw-osterfeine.de\/index.php?rest_route=%2Fwp%2Fv2%2Ftags&post=26612"}],"curies":[{"name":"wp","href":"https:\/\/api.w.org\/{rel}","templated":true}]}}