{"id":26661,"date":"2019-12-10T19:45:33","date_gmt":"2019-12-10T18:45:33","guid":{"rendered":"https:\/\/sw-osterfeine.de\/?p=26661"},"modified":"2019-12-10T19:45:33","modified_gmt":"2019-12-10T18:45:33","slug":"ov-supercup","status":"publish","type":"post","link":"https:\/\/sw-osterfeine.de\/?p=26661","title":{"rendered":"OV-Supercup"},"content":{"rendered":"\n<p>F\u00fcr den OV-Supercup am 20.12.2019 im Rast Dome, Vechta gibt es noch ein paar Restkarten. Wer noch Interesse hat, melde sich bitte zu den \u00d6ffnungszeiten in der Gesch\u00e4ftsstelle oder per Mail an <a href=\"mailto:geschaeftsstelle@sw-osterfeine.de\">geschaeftsstelle@sw-osterfeine.de<\/a><\/p>\n<p>Die bereits reservierten Karten k\u00f6nnen am Sonntag, 15.12.2019 von 10:30 Uhr bis 11:30 Uhr oder am Dienstag, 17.12.2019 von 17:30 Uhr bis 19:00 Uhr in der Gesch\u00e4ftsstelle abgeholt werden. Erwachsene zahlen f\u00fcr die Busfahrt 5,00 Euro und die Kinder sind frei. Die Preise f\u00fcr die Eintrittskarten lauten: \u00a08,00 Euro f\u00fcr Sitzplatz und \u00a06,00 Euro f\u00fcr Stehplatz.<\/p>\n","protected":false},"excerpt":{"rendered":"<p>F\u00fcr den OV-Supercup am 20.12.2019 im Rast Dome, Vechta gibt es noch ein paar Restkarten. Wer noch Interesse hat, melde sich bitte zu den \u00d6ffnungszeiten in der Gesch\u00e4ftsstelle oder per Mail an geschaeftsstelle@sw-osterfeine.de Die bereits reservierten Karten k\u00f6nnen am Sonntag, 15.12.2019 von 10:30 Uhr bis 11:30 Uhr oder am Dienstag, 17.12.2019 von 17:30 Uhr bis [&hellip;]<\/p>\n","protected":false},"author":3,"featured_media":0,"comment_status":"closed","ping_status":"closed","sticky":false,"template":"","format":"standard","meta":{"footnotes":""},"categories":[3],"tags":[],"_links":{"self":[{"href":"https:\/\/sw-osterfeine.de\/index.php?rest_route=\/wp\/v2\/posts\/26661"}],"collection":[{"href":"https:\/\/sw-osterfeine.de\/index.php?rest_route=\/wp\/v2\/posts"}],"about":[{"href":"https:\/\/sw-osterfeine.de\/index.php?rest_route=\/wp\/v2\/types\/post"}],"author":[{"embeddable":true,"href":"https:\/\/sw-osterfeine.de\/index.php?rest_route=\/wp\/v2\/users\/3"}],"replies":[{"embeddable":true,"href":"https:\/\/sw-osterfeine.de\/index.php?rest_route=%2Fwp%2Fv2%2Fcomments&post=26661"}],"version-history":[{"count":1,"href":"https:\/\/sw-osterfeine.de\/index.php?rest_route=\/wp\/v2\/posts\/26661\/revisions"}],"predecessor-version":[{"id":26662,"href":"https:\/\/sw-osterfeine.de\/index.php?rest_route=\/wp\/v2\/posts\/26661\/revisions\/26662"}],"wp:attachment":[{"href":"https:\/\/sw-osterfeine.de\/index.php?rest_route=%2Fwp%2Fv2%2Fmedia&parent=26661"}],"wp:term":[{"taxonomy":"category","embeddable":true,"href":"https:\/\/sw-osterfeine.de\/index.php?rest_route=%2Fwp%2Fv2%2Fcategories&post=26661"},{"taxonomy":"post_tag","embeddable":true,"href":"https:\/\/sw-osterfeine.de\/index.php?rest_route=%2Fwp%2Fv2%2Ftags&post=26661"}],"curies":[{"name":"wp","href":"https:\/\/api.w.org\/{rel}","templated":true}]}}