{"id":26682,"date":"2019-12-16T11:50:40","date_gmt":"2019-12-16T10:50:40","guid":{"rendered":"https:\/\/sw-osterfeine.de\/?p=26682"},"modified":"2019-12-16T11:50:40","modified_gmt":"2019-12-16T10:50:40","slug":"wjc-bericht-6","status":"publish","type":"post","link":"https:\/\/sw-osterfeine.de\/?p=26682","title":{"rendered":"WJC Bericht"},"content":{"rendered":"\n<p>WJC kassiert Klatsche in Haren <br \/><br \/>Am Samstag fuhren wir mit der WJC nach Haren. 1,5 Stunden Fahrt, die sich am Ende absolut nicht gelohnt haben. <br \/>Das erste Tor des Spiels erzielten wir durch einen sch\u00f6n herausgespielten Spielzug. Da sah noch alles gut aus, doch daraufhin nahm das Unheil seinen Lauf. Im Angriff wurden wieder und wieder die P\u00e4sse in die H\u00e4nde der Gegner gespielt. Die gegnerische Abwehr agierte sehr offensiv gegen unsere Halbspielerinnen und wir haben nicht clever genug gehandelt, um dagegen die richtigen L\u00f6sungen zu finden. So kassierten wir durch zahlreiche Tempogegenst\u00f6\u00dfe ein Tor nach dem anderen und unsere Torh\u00fcter hatten kaum eine Chance. Und auch wenn Haren ins Positionsspiel kam, haben wie in der Abwehr keinen Zugriff gefunden. Die Gegner konnten fast ohne Gegenwehr hindurch marschieren. So wurde der Abstand immer deutlicher und bis zur Halbzeit stand es bereits 19:7. <br \/>F\u00fcr die zweite H\u00e4lfte haben wir uns daraufhin vorgenommen, mehr Ehrgeiz zu zeigen und sich dort keine 20-Tore-Niederlage oder 40 Gegentore einzufangen. Aber auch in der zweiten Halbzeit hat nichts so funktioniert, wie es eigentlich sollte. Die Abwehr stand nicht und im Angriff war es wieder die offensive Deckung gegen unsere Halben, die uns das Leben schwer gemacht hat. Lediglich die letzten 5 Minuten haben wir L\u00fccken in der Harener Abwehr gefunden. Ein Weckruf, der leider viel zu sp\u00e4t kam. Dadurch konnten wir jedoch wenigstens das Ziel, keine 40 Tore zu kassieren und nicht mit 20 Toren zu verlieren, verteidigen. <br \/>Eine Leistung, auf die wir nicht stolz sein k\u00f6nnen, aber auch das geh\u00f6rt zum Sport dazu und daraus lernt man. Jetzt hei\u00dft es das Spiel abzuhaken und im n\u00e4chsten Spiel zeigen wir dann, dass wir es besser k\u00f6nnen. Das steht bereits am Dienstag an. Wir sind um 18:00 zu Gast in Cloppenburg und werden dort darum k\u00e4mpfen, mit 2 Punkten in die Weihnachtspause zu gehen.<br \/><br \/>Bis demn\u00e4chst in der Halle!<br \/>Die WJC<\/p>\n","protected":false},"excerpt":{"rendered":"<p>WJC kassiert Klatsche in Haren Am Samstag fuhren wir mit der WJC nach Haren. 1,5 Stunden Fahrt, die sich am Ende absolut nicht gelohnt haben. Das erste Tor des Spiels erzielten wir durch einen sch\u00f6n herausgespielten Spielzug. Da sah noch alles gut aus, doch daraufhin nahm das Unheil seinen Lauf. Im Angriff wurden wieder und [&hellip;]<\/p>\n","protected":false},"author":3,"featured_media":0,"comment_status":"closed","ping_status":"closed","sticky":false,"template":"","format":"standard","meta":{"footnotes":""},"categories":[1],"tags":[],"_links":{"self":[{"href":"https:\/\/sw-osterfeine.de\/index.php?rest_route=\/wp\/v2\/posts\/26682"}],"collection":[{"href":"https:\/\/sw-osterfeine.de\/index.php?rest_route=\/wp\/v2\/posts"}],"about":[{"href":"https:\/\/sw-osterfeine.de\/index.php?rest_route=\/wp\/v2\/types\/post"}],"author":[{"embeddable":true,"href":"https:\/\/sw-osterfeine.de\/index.php?rest_route=\/wp\/v2\/users\/3"}],"replies":[{"embeddable":true,"href":"https:\/\/sw-osterfeine.de\/index.php?rest_route=%2Fwp%2Fv2%2Fcomments&post=26682"}],"version-history":[{"count":1,"href":"https:\/\/sw-osterfeine.de\/index.php?rest_route=\/wp\/v2\/posts\/26682\/revisions"}],"predecessor-version":[{"id":26683,"href":"https:\/\/sw-osterfeine.de\/index.php?rest_route=\/wp\/v2\/posts\/26682\/revisions\/26683"}],"wp:attachment":[{"href":"https:\/\/sw-osterfeine.de\/index.php?rest_route=%2Fwp%2Fv2%2Fmedia&parent=26682"}],"wp:term":[{"taxonomy":"category","embeddable":true,"href":"https:\/\/sw-osterfeine.de\/index.php?rest_route=%2Fwp%2Fv2%2Fcategories&post=26682"},{"taxonomy":"post_tag","embeddable":true,"href":"https:\/\/sw-osterfeine.de\/index.php?rest_route=%2Fwp%2Fv2%2Ftags&post=26682"}],"curies":[{"name":"wp","href":"https:\/\/api.w.org\/{rel}","templated":true}]}}