{"id":26739,"date":"2019-12-30T08:17:59","date_gmt":"2019-12-30T07:17:59","guid":{"rendered":"https:\/\/sw-osterfeine.de\/?p=26739"},"modified":"2019-12-30T08:17:59","modified_gmt":"2019-12-30T07:17:59","slug":"hallenturniere-swo","status":"publish","type":"post","link":"https:\/\/sw-osterfeine.de\/?p=26739","title":{"rendered":"Hallenturniere SWO"},"content":{"rendered":"\n<p><strong><em>Hallensaison nimmt Fahrt auf im neuen Jahr!!<\/em><\/strong><\/p>\n<p>Die fu\u00dfballlose Zeit unserer Bezirksligamannschaft wird auch in diesem Jahr f\u00fcr unsere Fans nach dem Jahreswechsel durch 2 interessante Hallenturniere unterbrochen.<\/p>\n<p><strong>K\u00f6sterscup!!!<\/strong><\/p>\n<p>Im Vordergrund steht dabei der mittlerweile schon fast traditionelle <strong><em>K\u00f6sterscup<\/em><\/strong> in Erinnerung an unseren ehemaligen langj\u00e4hrigen Vorsitzenden <strong><em>Josef Fangmann.<\/em><\/strong><\/p>\n<p><strong><u>Dieses Turnier soll vor allen Dingen unseren Mitgliedern in Erinnerung rufen, auf welche besondere Geschichte unsere geliebte Sporthalle am Kl\u00fcnenberg zur\u00fcckblicken kann. Unter der Leitung von Josef Fangmann wurde 1973\/1974 mehr oder weniger in Eigenregie durch den Sportverein unter toller Mithilfe der Osterfeiner und R\u00fcschendorfer Bev\u00f6lkerung eine Sporthalle f\u00fcr den Dammer Osten erbaut. Ein Hallenbau von dem mittlerweile in \u00fcber 45 Jahren fast jeder B\u00fcrger Nutzen gehabt hat und auch viele Vereine profitiert haben. Die Kommune und Politik hatte seinerzeit kein offenes Ohr f\u00fcr die Interessen der Osterfeine Kinder, Jugendlichen und Erwachsenen. Aber der Sportverein um Josef Fangmann legte nicht die H\u00e4nde in den Scho\u00df und resignierte, sondern wurde in einer einzigartigen Aktion selbst aktiv und baute eine vereinseigene Sporthalle!!! <\/u><\/strong><\/p>\n<p><strong><u>Unz\u00e4hligen Menschen war und ist es seitdem verg\u00f6nnt gl\u00fcckliche Stunden in der Halle beim Sport oder auch bei Festivit\u00e4ten zu verbringen. Also liebe OSV-Freunde vergesst nie die Historie Eurer Vereinshalle und zeigt mit dem Besuch des K\u00f6sterscups am Freitag Eure Anerkennung und vielleicht auch Euren Dank an die damaligen Sporthallenpioniere von SW Osterfeine. \u00dcberall wird gerade in der jetzigen Zeit gesellschaftliches Engagement vermehrt eingefordert: Das Beispiel der Sporthalle Osterfeine von 1974 bis nun ins Jahr 2020 zeigt in \u00fcberragender Form die Vorbildwirkung unseres Vereines und auch den Zusammenhalt in unserem Verein.<\/u><\/strong><\/p>\n<p><strong><u>Bis zum heutigen Tag ist die Sporthalle weiterhin im Besitz von SW Osterfeine und die Verwaltung und Unterhaltung der Sporthalle wird weiterhin ehrenamtlich im Sinne der Erbauer fortgef\u00fchrt.<\/u><\/strong><\/p>\n<p><u>Freitag, 3.1.2020\u00a0 Sporthalle Osterfeine\u00a0 K\u00f6stercup ab 18.30 <\/u><\/p>\n<p><u>Teilnehmende Mannschaften:<\/u><\/p>\n<p><strong><u>\u00a0<\/u><\/strong><\/p>\n<p><em>RW Damme<\/em><\/p>\n<p><em>Falke Steinfeld<\/em><\/p>\n<p><em>BW Lohne A-J.<\/em><\/p>\n<p><em>Friesen Lembruch\u00a0\u00a0\u00a0\u00a0\u00a0\u00a0\u00a0\u00a0\u00a0\u00a0\u00a0\u00a0\u00a0\u00a0\u00a0\u00a0\u00a0\u00a0\u00a0\u00a0\u00a0 Spielplan siehe an anderer Stelle<\/em><\/p>\n<p><em>SV Barnstorf<\/em><\/p>\n<p><em>DJK Elsten<\/em><\/p>\n<p><em>SW Osterfeine I<\/em><\/p>\n<p><em>SW Osterfeine II<\/em><\/p>\n<p><em>&#8212;&#8212;&#8212;&#8212;&#8212;&#8212;&#8212;&#8212;&#8212;&#8212;&#8212;&#8212;&#8212;&#8212;&#8212;&#8212;&#8212;&#8212;&#8212;&#8212;&#8212;&#8212;&#8212;&#8212;&#8212;&#8212;&#8212;-<\/em><\/p>\n<p><em>Eine Woche sp\u00e4ter nimmt unsere I-Herrenmannschaft dann ab 18.15 Uhr im Lohneum in Lohne am Posse-Cup 2020 statt.<\/em><\/p>\n<p><em>Teilnehmende Mannschaften sind u.a.: BW Lohne I und II; Amas. Lohne, TV Dinklage, Falke Steinfeld, SV Kroge-Ehrendorf, GW Brockdorf und SW Osterfeine <\/em><\/p>\n<p><em>\u00a0<\/em><\/p>\n<p><strong><em>2 Spieler unserer I-Mannschaft <\/em><\/strong><em>haben f\u00fcr die Hallensaison tolle Einladungen zur Teilnahme an \u00fcberregionalen Hallenturnieren erhalten:<\/em><\/p>\n<p><em>Am Freitag, den 3.1.2020 ab 18.30 Uhr spielt unser <strong>Spielertrainer Mehmet Koc<\/strong> beim Hallenturnier in der EWE-Arena in Oldenburg f\u00fcr den VFB Oldenburg in der Traditionself\u00a0 gegen Gegner wie Werder Bremen, Hamburger SV, Borussia M\u00f6nchengladbach, Borussia Dortmund und Twente Enschede.<\/em><\/p>\n<p><em>Das komplette Turnier wird auf Sport 1 \u00fcbertragen.<\/em><\/p>\n<p><em>Einen Tag sp\u00e4ter spielt dann unser <strong>Spieler Christian<\/strong> <strong>Schiffb\u00e4nker<\/strong> f\u00fcr die VFL Osnabr\u00fcck Traditionself beim Hallenturnier in der Emslandarena in Lingen beim Hallenturnier mit. Teilnehmer ab 17.30 Uhr sind dann Werder Bremen, VFL Bochum, Hertha BSC, Schalke 04 und dedr SV Meppen. Auch dieses Turnier wird von Sport1 live \u00fcbertragen.<\/em><\/p>\n<p><em>Der OSV w\u00fcnscht beiden Fu\u00dfballern ein tolle Erlebnisse bei den Turnieren!!!<\/em><\/p>\n","protected":false},"excerpt":{"rendered":"<p>Hallensaison nimmt Fahrt auf im neuen Jahr!! Die fu\u00dfballlose Zeit unserer Bezirksligamannschaft wird auch in diesem Jahr f\u00fcr unsere Fans nach dem Jahreswechsel durch 2 interessante Hallenturniere unterbrochen. K\u00f6sterscup!!! Im Vordergrund steht dabei der mittlerweile schon fast traditionelle K\u00f6sterscup in Erinnerung an unseren ehemaligen langj\u00e4hrigen Vorsitzenden Josef Fangmann. Dieses Turnier soll vor allen Dingen unseren [&hellip;]<\/p>\n","protected":false},"author":3,"featured_media":0,"comment_status":"closed","ping_status":"closed","sticky":false,"template":"","format":"standard","meta":{"footnotes":""},"categories":[3],"tags":[],"_links":{"self":[{"href":"https:\/\/sw-osterfeine.de\/index.php?rest_route=\/wp\/v2\/posts\/26739"}],"collection":[{"href":"https:\/\/sw-osterfeine.de\/index.php?rest_route=\/wp\/v2\/posts"}],"about":[{"href":"https:\/\/sw-osterfeine.de\/index.php?rest_route=\/wp\/v2\/types\/post"}],"author":[{"embeddable":true,"href":"https:\/\/sw-osterfeine.de\/index.php?rest_route=\/wp\/v2\/users\/3"}],"replies":[{"embeddable":true,"href":"https:\/\/sw-osterfeine.de\/index.php?rest_route=%2Fwp%2Fv2%2Fcomments&post=26739"}],"version-history":[{"count":1,"href":"https:\/\/sw-osterfeine.de\/index.php?rest_route=\/wp\/v2\/posts\/26739\/revisions"}],"predecessor-version":[{"id":26740,"href":"https:\/\/sw-osterfeine.de\/index.php?rest_route=\/wp\/v2\/posts\/26739\/revisions\/26740"}],"wp:attachment":[{"href":"https:\/\/sw-osterfeine.de\/index.php?rest_route=%2Fwp%2Fv2%2Fmedia&parent=26739"}],"wp:term":[{"taxonomy":"category","embeddable":true,"href":"https:\/\/sw-osterfeine.de\/index.php?rest_route=%2Fwp%2Fv2%2Fcategories&post=26739"},{"taxonomy":"post_tag","embeddable":true,"href":"https:\/\/sw-osterfeine.de\/index.php?rest_route=%2Fwp%2Fv2%2Ftags&post=26739"}],"curies":[{"name":"wp","href":"https:\/\/api.w.org\/{rel}","templated":true}]}}