{"id":26805,"date":"2020-01-14T14:22:32","date_gmt":"2020-01-14T13:22:32","guid":{"rendered":"https:\/\/sw-osterfeine.de\/?p=26805"},"modified":"2020-01-14T14:22:32","modified_gmt":"2020-01-14T13:22:32","slug":"f-jugend-bericht","status":"publish","type":"post","link":"https:\/\/sw-osterfeine.de\/?p=26805","title":{"rendered":"F-Jugend Bericht"},"content":{"rendered":"\n<p><strong>F-Jugend Hallenkreismeisterschaften<\/strong><\/p>\n<p>In diesem Jahr stellt der Sportverein SW Osterfeine 5 F-Jugend Mannschaften im Rahmen der Hallenkreismeisterschaften. Die Mannschaftsgr\u00f6\u00dfe wurde gering gehalten, um allen Spielern m\u00f6glichst viel Einsatzzeit geben zu k\u00f6nnen. Zudem wurde den Spielern der G1 die M\u00f6glichkeit gegeben, Erfahrungen in der n\u00e4chsten Altersklasse zu sammeln.<\/p>\n<p>\u00a0<\/p>\n<p><u>Leistungsklasse 1<\/u><\/p>\n<p>In der LK1 spielt die <strong>F1<\/strong> mit folgender Besetzung:<\/p>\n<p>Anton Schmutte, Alan Janebski, Carlo Kamps, Felix Lange, Mats Otte, Ismail Saleem, Moritz Lamping, Elija Willenbrink.<\/p>\n<p>Die Vorrunde f\u00fchrt die Mannschaft der Trainer Christian Kamps, Arno Schmutte und Franz-Dirk Willenbrink in die Sporthalle der Adolf-Kolping-Schule in Lohne. Hier hat sich die Mannschaft mit den Gegner aus Brockdorf, M\u00fchlen, Damme, Holdorf\/Langenberg, Neuenkirchen und Steinfeld gemessen.<\/p>\n<p>Mit einem 5:0 gegen Brockdorf gelang der Mannschaft der perfekte Turnierstart. Es folgten jeweils 3 1:0 Siege gegen Steinfeld, M\u00fchlen und Holdorf\/Langenberg. Gegen die Mannschaft aus Neuenkirchen, die alle Vorrundenspiele gewannen, setzte es eine 1:0 Niederlage. Diese konnte aber mit dem 2:1 Derbysieg gegen RW Damme wettgemacht werden. Die Tore an diesem Spieltag erzielten Elija Willenbrink (3), Moritz Lamping (3), Carlo Kamps (1) und Anton Schmutte (1).<\/p>\n<p>Nach dem ersten Spieltag liegt die F1 somit auf Platz 2 und hat gute Chancen, die Endrunde um die Hallenkreismeisterschaften der F-Junioren zu erreichen.<\/p>\n<table>\n<tbody>\n<tr>\n<td width=\"158\">\n<p>Neuenkirchen<\/p>\n<\/td>\n<td width=\"95\">\n<p>18 Punkte<\/p>\n<\/td>\n<\/tr>\n<tr>\n<td width=\"158\">\n<p>Osterfeine<\/p>\n<\/td>\n<td width=\"95\">\n<p>15 Punkte<\/p>\n<\/td>\n<\/tr>\n<tr>\n<td width=\"158\">\n<p>Holdorf\/Langenberg<\/p>\n<\/td>\n<td width=\"95\">\n<p>9 Punkte<\/p>\n<\/td>\n<\/tr>\n<tr>\n<td width=\"158\">\n<p>M\u00fchlen<\/p>\n<\/td>\n<td width=\"95\">\n<p>7 Punkte<\/p>\n<\/td>\n<\/tr>\n<tr>\n<td width=\"158\">\n<p>Steinfeld<\/p>\n<\/td>\n<td width=\"95\">\n<p>7 Punkte<\/p>\n<\/td>\n<\/tr>\n<tr>\n<td width=\"158\">\n<p>Damme<\/p>\n<\/td>\n<td width=\"95\">\n<p>5 Punkte<\/p>\n<\/td>\n<\/tr>\n<tr>\n<td width=\"158\">\n<p>Brockdorf<\/p>\n<\/td>\n<td width=\"95\">\n<p>0 Punkte<\/p>\n<\/td>\n<\/tr>\n<\/tbody>\n<\/table>\n<p>\u00a0<\/p>\n<p><u>Leistungsklasse 2<\/u><\/p>\n<p>In der LK 2 spielt die <strong>F2<\/strong> mit folgender Besetzung<\/p>\n<p>Jannes Markus, Lasse Osterhues, Henning Deters, Paul Kuhlmann, Ole von der Heide, Jan von der Heide, Paul Kuhlmann, Luis Klanke<\/p>\n<p>In der Vorrunde spielt das Team von Daniel von der Heide und Mark Osterhues in der Sporthalle in Langenberg gegen die Teams von Holdorf\/Langenberg II, Steinfeld II, Damme II, Damme III, Steinfeld III und V\u00f6rden I.<\/p>\n<p>Auch hier gelang der F2 gegen Holdorf\/Langenberg II mit einem 5:0 der perfekte Turnierstart. Dem lie\u00df die Mannschaft ein 2:2 gegen Damme III folgen. In den nachfolgenden Partien hatten die Gegner wenig M\u00f6glichkeiten ins Spiel zu kommen und die Mannschaft konnte weitere ungef\u00e4hrdete Siege gegen Damme II (6:0), V\u00f6rden I (7:0), Steinfeld II (7:1) und Steinfeld III (3:2) einfahren. Die insgesamt 30 (!) Tore an diesem Spieltag erzielten Jannes Markus (7), Jan von der Heide (2), Luis Klanke (7), Paul Enneking (6) und Ole von der Heide (8).<\/p>\n<p>Nach dem ersten Spieltag liegt die F2 auf Platz 1 und hat sich eine gute Ausgangsposition zur Qualifikation f\u00fcr die Endrunde geschaffen.<\/p>\n<table>\n<tbody>\n<tr>\n<td width=\"168\">\n<p>Osterfeine II<\/p>\n<\/td>\n<td width=\"85\">\n<p>16 Punkte<\/p>\n<\/td>\n<\/tr>\n<tr>\n<td width=\"168\">\n<p>Damme III<\/p>\n<\/td>\n<td width=\"85\">\n<p>16 Punkte<\/p>\n<\/td>\n<\/tr>\n<tr>\n<td width=\"168\">\n<p>Damme II<\/p>\n<\/td>\n<td width=\"85\">\n<p>7 Punkte<\/p>\n<\/td>\n<\/tr>\n<tr>\n<td width=\"168\">\n<p>Steinfeld II<\/p>\n<\/td>\n<td width=\"85\">\n<p>7 Punkte<\/p>\n<\/td>\n<\/tr>\n<tr>\n<td width=\"168\">\n<p>V\u00f6rden<\/p>\n<\/td>\n<td width=\"85\">\n<p>5 Punkte<\/p>\n<\/td>\n<\/tr>\n<tr>\n<td width=\"168\">\n<p>Steinfeld III<\/p>\n<\/td>\n<td width=\"85\">\n<p>4 Punkte<\/p>\n<\/td>\n<\/tr>\n<tr>\n<td width=\"168\">\n<p>Holdorf\/Langenberg II<\/p>\n<\/td>\n<td width=\"85\">\n<p>4 Punkte<\/p>\n<\/td>\n<\/tr>\n<\/tbody>\n<\/table>\n<p>\u00a0<\/p>\n<p><u>Leistungsklasse 3<\/u><\/p>\n<p>In der LK 3 spielen die F3, F4 und F5.<\/p>\n<p><strong>F3<\/strong> (Hannes Gieskemeyer, Enno bei der Hake, Jasper Lapker, Johann Otte, Jan Mattis Heese, Henri Macke, Carl Wessel, Anton Drellmann) und <strong>F5<\/strong> (Fritz Drellmann, Mattis Reinken, Max Runnebaum, Darius Teubert, Lukas St\u00e4rk, Leo Talk, Johann Kreinest, Lasse Osterhues, Alan Janebski) spielen in der heimischen Halle gegen die Teams von Dinklage IV, Goldenstedt I, M\u00fchlen II, Varenesch\/Einen I und werden dabei vom Trainerteam Uwe Drellmann, Dieter Gieskemeyer, Andreas Robke und Matthias Wessel betreut.<\/p>\n<p>Nach dem ersten Spieltag bleibt die heimische Halle klar in Osterfeiner Hand. OSV 3 und OSV 5 liegen beide mit 10 Punkten an der Spitze, lediglich die Tordifferenz entscheidet zu Gunsten der F3.<\/p>\n<p>OSV 3 spielte gegen Goldenstedt I 0:0 und gewann gegen M\u00fchlen II 3:0. Gegen Varenensch\/Einen konnte ein weiterer Sieg eingefahren werden (3:1) bevor man im vierten Spiel gegen Dinklage IV einen 1:4 D\u00e4mpfer hinnehmen musste. Von diesem erholte sich die Mannschaft allerdings recht schnell und konnte das vereinsinterne Duell gegen die F5 mit 2:0 f\u00fcr sich entscheiden.<\/p>\n<p>OSV 5 holte im ersten Spiel gegen M\u00fchlen II einen 2:0 Sieg und lies im n\u00e4chsten Match gegen Varenensch\/Einen ein 2:1 folgen. Auch Dinklage IV konnte 1:0 besiegt werden, dem folgte ein 0:0 gegen Goldenstedt I. Im vereinsinteren Duell hatte man zwar mit 2:0 das nachsehen, steht aber mit 10 Punkten voll im Soll.<\/p>\n<p>Beide Teams k\u00f6nnen sich mit dieser Ausgangsposition am n\u00e4chsten Samstag f\u00fcr die Endrunden der LK 3 qualifizieren (die ersten drei kommen weiter).<\/p>\n<table>\n<tbody>\n<tr>\n<td width=\"151\">\n<p>Osterfeine III<\/p>\n<\/td>\n<td width=\"95\">\n<p>10 Punkte<\/p>\n<\/td>\n<\/tr>\n<tr>\n<td width=\"151\">\n<p>Osterfeine V<\/p>\n<\/td>\n<td width=\"95\">\n<p>10 Punkte<\/p>\n<\/td>\n<\/tr>\n<tr>\n<td width=\"151\">\n<p>Dinklage IV<\/p>\n<\/td>\n<td width=\"95\">\n<p>8 Punkte<\/p>\n<\/td>\n<\/tr>\n<tr>\n<td width=\"151\">\n<p>Goldenstedt I<\/p>\n<\/td>\n<td width=\"95\">\n<p>7 Punkte<\/p>\n<\/td>\n<\/tr>\n<tr>\n<td width=\"151\">\n<p>M\u00fchlen II<\/p>\n<\/td>\n<td width=\"95\">\n<p>3 Punkte<\/p>\n<\/td>\n<\/tr>\n<tr>\n<td width=\"151\">\n<p>Varenesch\/Einen<\/p>\n<\/td>\n<td width=\"95\">\n<p>2 Punkte<\/p>\n<\/td>\n<\/tr>\n<\/tbody>\n<\/table>\n<p>\u00a0<\/p>\n<p>Die <strong>F4<\/strong> spielt die Vorrunde in der Steinfelder Sporthalle. Hier spielen: Tobias Meyer, Leon Deters, Hugo St\u00e4rk, Toni Middendorf, Ferdinand Gravemeyer, Clemens Lamping Michel Escher, Henri B\u00f6ckmann und Jakob Kreymborg. Die Mannschaft von Trainer Bernd Escher besteht zum Gro\u00dfteil aus der ersten G-Jugend (mit Ausnahme von Tobias und Leon), die weitere Erfahrungen in der Halle sammeln wollen.<\/p>\n<p>In einem sehr ausgeglichenen Teilnehmerfeld spielte die Mannschaft gegen Rechterfeld II und Oythe V jeweils 1:1. Gegen die beiden Steinfelder Mannschaften IV und V musste jeweils eine 1:2 Niederlage hingenommen werden, ehe im letzten Spiel gegen M\u00fchlen III ein 3:2 Sieg gefeiert werden konnte. Die Tore an diesem Tag erzielten Ferdinand Gravemeyer (1), Leon Deters (1) und Michel Escher (5).<\/p>\n<p>Hier liegen die Mannschaften nach dem ersten Spieltag sehr nah beieinander und alle haben noch Chancen auf die Endrunden:<\/p>\n<table>\n<tbody>\n<tr>\n<td width=\"158\">\n<p>Steinfeld IV<\/p>\n<\/td>\n<td width=\"95\">\n<p>13 Punkte<\/p>\n<\/td>\n<\/tr>\n<tr>\n<td width=\"158\">\n<p>Oythe V<\/p>\n<\/td>\n<td width=\"95\">\n<p>7 Punkte<\/p>\n<\/td>\n<\/tr>\n<tr>\n<td width=\"158\">\n<p>Steinfeld V<\/p>\n<\/td>\n<td width=\"95\">\n<p>7 Punkte<\/p>\n<\/td>\n<\/tr>\n<tr>\n<td width=\"158\">\n<p>Rechterfeld II<\/p>\n<\/td>\n<td width=\"95\">\n<p>5 Punkte<\/p>\n<\/td>\n<\/tr>\n<tr>\n<td width=\"158\">\n<p>Osterfeine IV<\/p>\n<\/td>\n<td width=\"95\">\n<p>5 Punkte<\/p>\n<\/td>\n<\/tr>\n<tr>\n<td width=\"158\">\n<p>M\u00fchlen III<\/p>\n<\/td>\n<td width=\"95\">\n<p>3 Punkte<\/p>\n<\/td>\n<\/tr>\n<\/tbody>\n<\/table>\n<p>\u00a0<\/p>\n<p>Mit Blick auf das Abschneiden nach dem ersten Spieltag kann man stolz sein, dass alle F-Teams sich gute Ausgangspositionen f\u00fcr den R\u00fcckrundenspieltag und das Weiterkommen bei den Hallenkreismeisterschaften sichern konnten.<\/p>\n","protected":false},"excerpt":{"rendered":"<p>F-Jugend Hallenkreismeisterschaften In diesem Jahr stellt der Sportverein SW Osterfeine 5 F-Jugend Mannschaften im Rahmen der Hallenkreismeisterschaften. Die Mannschaftsgr\u00f6\u00dfe wurde gering gehalten, um allen Spielern m\u00f6glichst viel Einsatzzeit geben zu k\u00f6nnen. Zudem wurde den Spielern der G1 die M\u00f6glichkeit gegeben, Erfahrungen in der n\u00e4chsten Altersklasse zu sammeln. \u00a0 Leistungsklasse 1 In der LK1 spielt die [&hellip;]<\/p>\n","protected":false},"author":3,"featured_media":0,"comment_status":"closed","ping_status":"closed","sticky":false,"template":"","format":"standard","meta":{"footnotes":""},"categories":[3],"tags":[],"_links":{"self":[{"href":"https:\/\/sw-osterfeine.de\/index.php?rest_route=\/wp\/v2\/posts\/26805"}],"collection":[{"href":"https:\/\/sw-osterfeine.de\/index.php?rest_route=\/wp\/v2\/posts"}],"about":[{"href":"https:\/\/sw-osterfeine.de\/index.php?rest_route=\/wp\/v2\/types\/post"}],"author":[{"embeddable":true,"href":"https:\/\/sw-osterfeine.de\/index.php?rest_route=\/wp\/v2\/users\/3"}],"replies":[{"embeddable":true,"href":"https:\/\/sw-osterfeine.de\/index.php?rest_route=%2Fwp%2Fv2%2Fcomments&post=26805"}],"version-history":[{"count":2,"href":"https:\/\/sw-osterfeine.de\/index.php?rest_route=\/wp\/v2\/posts\/26805\/revisions"}],"predecessor-version":[{"id":26807,"href":"https:\/\/sw-osterfeine.de\/index.php?rest_route=\/wp\/v2\/posts\/26805\/revisions\/26807"}],"wp:attachment":[{"href":"https:\/\/sw-osterfeine.de\/index.php?rest_route=%2Fwp%2Fv2%2Fmedia&parent=26805"}],"wp:term":[{"taxonomy":"category","embeddable":true,"href":"https:\/\/sw-osterfeine.de\/index.php?rest_route=%2Fwp%2Fv2%2Fcategories&post=26805"},{"taxonomy":"post_tag","embeddable":true,"href":"https:\/\/sw-osterfeine.de\/index.php?rest_route=%2Fwp%2Fv2%2Ftags&post=26805"}],"curies":[{"name":"wp","href":"https:\/\/api.w.org\/{rel}","templated":true}]}}