{"id":26845,"date":"2020-01-24T08:16:52","date_gmt":"2020-01-24T07:16:52","guid":{"rendered":"https:\/\/sw-osterfeine.de\/?p=26845"},"modified":"2020-01-24T08:16:52","modified_gmt":"2020-01-24T07:16:52","slug":"was-gibt-es-fuer-neues-im-osv","status":"publish","type":"post","link":"https:\/\/sw-osterfeine.de\/?p=26845","title":{"rendered":"Was gibt es f\u00fcr Neues im OSV??????"},"content":{"rendered":"\n<p><strong>\u00a0<\/strong><\/p>\n<p><strong>Mitgliederzahl:<\/strong><strong> \u00dcber 1700 Mitglieder gro\u00df ist der OSV zum 31.12.2019. Die genaue Mitgliederzahl wird in diesen Tagen ermittelt und dann auch hier ver\u00f6ffentlicht.<\/strong><\/p>\n<p><strong>Dartturnier ein voller Erfolg:<\/strong><strong> \u00dcber 110 Teilnehmer beteiligten sich vergangenen Sonntag in der Osterfeiner Sporthalle am Ranglistenturnier. Jugendliche, Frauen und M\u00e4nner von Cuxhaven bis Osnabr\u00fcck schlugen in Osterfeine auf und sprachen der ausrichtenden Dartabteilung von SW Osterfeine ein gro\u00dfes Lob aus!!!<\/strong><\/p>\n<p><strong>10 Schiedsrichteranw\u00e4rter <\/strong><strong>unseres Vereines nehmen derzeit in Handorf-Langenberg an der Schiedsrichterneuausbildung teil. Danke schon jetzt an alle Teilnehmer und Euch viel Gl\u00fcck bei der Pr\u00fcfung.<\/strong><\/p>\n<p><strong>Fu\u00dfball-D-Jugend <\/strong><strong>von SW Osterfeine besucht am Sonntag das Bundesligaspiel Werder Bremen gegen die TSG Hoffenheim. Mit dem Zug f\u00e4hrt die Mannschaft von Hansi Lapke und J\u00fcrgen Jacob mit vielen Eltern ins Weserstadion. Danke an die organisierenden Trainer.<\/strong><\/p>\n<p><strong>Handballdamen <\/strong><strong>halten Kontakt zur Spitze. Auf Platz 2 ist derzeit unsere I-Handballdamenmannschaft positioniert. Am Sonntag um 17.00 Uhr gastieren unsere Damen bei Frisia Goldenstedt.<\/strong><\/p>\n<p><strong>Hallenrunde <\/strong><strong>in vollem Gange. Unsere Jugendfu\u00dfballer absolvieren gerade die Winterhallenrunde mit tollen Ergebnissen. Nachdem bereits die E-Jugend und D-Jugend sehr gute Ergebnisse erzielten, laufen am Wochenende die Endrunden der F-Jugend. Hierbei konnte sich unsere 1. F-Jugend f\u00fcr die Endrunde am Samstag in Lohne qualifizieren. Eine tolle Leistung unserer Jungs, die sich \u00fcber Zuschauer sicherlich freuen w\u00fcrden. Auch die 2.F-Jugend qualifizierte sich als Gruppensieger f\u00fcr die Endrunde II. Gl\u00fcckwunsch an die Jungs.<\/strong><\/p>\n<p><strong>Trainerb\u00e4nke <\/strong><strong>werden versetzt. 50 Jahre waren die Trainerb\u00e4nke auf Platz I in der aktuellen Form platziert und das hatte doch was. Doch jetzt werden die B\u00e4nke in den n\u00e4chsten Wochen umgesetzt und <em><u>nebeneinander <\/u><\/em>an der L\u00e4ngsseite bei der Firma Runden platziert. <\/strong><\/p>\n<p><strong>Vorbereitung <\/strong><strong>beginnt. In der kommenden Woche startet unsere I-Herrenmannschaft unter der Leitung von Mehmet Koc und Christian Hegerfeld mit der Vorbereitung f\u00fcr die Bezirksligar\u00fcckrunde, wo am Sonntag, den 1.3.2020 in Altenoythe zum R\u00fcckrundenauftakt ein schweres Ausw\u00e4rtsspiel auf unsere Mannschaft wartet.<\/strong><\/p>\n<p><strong>A-Jugend <\/strong><strong>belegt Platz 5 bei Futsalkreismeisterschaften. Gut abgeschnitten haben unsere Jungs der Fu\u00dfball A-Jugend bei den Kreismeisterschaften im Futsal. Schon der Einzug in die Endrunde war ein gro\u00dfer Erfolg. Mit Platz 5 wurde dann in Lutten die Futsalsaison abgeschlossen.<\/strong><\/p>\n<p><strong>Fu\u00dfballcamp im OSV. <\/strong><strong>Am 11. und 12.7. 2020 bietet der Sportverein SW Osterfeine erstmals ein Fu\u00dfballcamp f\u00fcr unsere Jugendfu\u00dfballer an. Unter der Leitung von Marco Otte, Frank B\u00f6ckmann und Hans-J\u00fcrgen Lapke gibt es 2 Tage Fu\u00dfball pur in Osterfeine. Fu\u00dfballherz was willst Du mehr??? Meldet weiterhin Eure Kinder an, damit die Organisatoren rechtzeitig planen k\u00f6nnen. Es warten tolle \u00dcberraschungen auf unsere jungen Fu\u00dfballer. Endlich gibt es das Fu\u00dfballcamp in unserem Verein und unsere Kinder brauchen nicht im weiteren Umfeld der Nachbarvereine nach Fu\u00dfballcamps suchen. Auch hier gilt nun die Devise:<\/strong><\/p>\n<p><strong>Aus eigener Kraft zum\u00a0\u00a0\u00a0 \u2026. gemeinsamen Fu\u00dfballcamp. Danke an die Organisatoren.<\/strong><\/p>\n<p><strong>Generalversammlung. <\/strong><strong>Am Freitag, den 6.3.2020 findet im Saal Fangmann die Generalversammlung von SW Osterfeine statt. Bitte merkt Euch diesen Termin vor und beteiligt Euch durch Eure Anwesenheit an der Zukunft unseres Vereines.<\/strong><\/p>\n<p><strong>Vorbereitungsspiele<\/strong><strong>. Interessante Spiele stehen auf dem Plan f\u00fcr unsere I-Mannschaft: TV Neuenkirchen, VFL Oythe, TUS Sulingen oder FC Verden 04, Amas. Lohne, SC Bakum, TV Dinklage und TUS Lemf\u00f6rde hei\u00dfen die Gegner. N\u00e4here Angaben folgen auf unserer Homepage.<\/strong><\/p>\n","protected":false},"excerpt":{"rendered":"<p>\u00a0 Mitgliederzahl: \u00dcber 1700 Mitglieder gro\u00df ist der OSV zum 31.12.2019. Die genaue Mitgliederzahl wird in diesen Tagen ermittelt und dann auch hier ver\u00f6ffentlicht. Dartturnier ein voller Erfolg: \u00dcber 110 Teilnehmer beteiligten sich vergangenen Sonntag in der Osterfeiner Sporthalle am Ranglistenturnier. Jugendliche, Frauen und M\u00e4nner von Cuxhaven bis Osnabr\u00fcck schlugen in Osterfeine auf und sprachen [&hellip;]<\/p>\n","protected":false},"author":3,"featured_media":0,"comment_status":"closed","ping_status":"closed","sticky":false,"template":"","format":"standard","meta":{"footnotes":""},"categories":[81,3,1,33,37],"tags":[],"_links":{"self":[{"href":"https:\/\/sw-osterfeine.de\/index.php?rest_route=\/wp\/v2\/posts\/26845"}],"collection":[{"href":"https:\/\/sw-osterfeine.de\/index.php?rest_route=\/wp\/v2\/posts"}],"about":[{"href":"https:\/\/sw-osterfeine.de\/index.php?rest_route=\/wp\/v2\/types\/post"}],"author":[{"embeddable":true,"href":"https:\/\/sw-osterfeine.de\/index.php?rest_route=\/wp\/v2\/users\/3"}],"replies":[{"embeddable":true,"href":"https:\/\/sw-osterfeine.de\/index.php?rest_route=%2Fwp%2Fv2%2Fcomments&post=26845"}],"version-history":[{"count":1,"href":"https:\/\/sw-osterfeine.de\/index.php?rest_route=\/wp\/v2\/posts\/26845\/revisions"}],"predecessor-version":[{"id":26846,"href":"https:\/\/sw-osterfeine.de\/index.php?rest_route=\/wp\/v2\/posts\/26845\/revisions\/26846"}],"wp:attachment":[{"href":"https:\/\/sw-osterfeine.de\/index.php?rest_route=%2Fwp%2Fv2%2Fmedia&parent=26845"}],"wp:term":[{"taxonomy":"category","embeddable":true,"href":"https:\/\/sw-osterfeine.de\/index.php?rest_route=%2Fwp%2Fv2%2Fcategories&post=26845"},{"taxonomy":"post_tag","embeddable":true,"href":"https:\/\/sw-osterfeine.de\/index.php?rest_route=%2Fwp%2Fv2%2Ftags&post=26845"}],"curies":[{"name":"wp","href":"https:\/\/api.w.org\/{rel}","templated":true}]}}