{"id":26916,"date":"2020-02-24T08:26:20","date_gmt":"2020-02-24T07:26:20","guid":{"rendered":"https:\/\/sw-osterfeine.de\/?p=26916"},"modified":"2020-02-24T08:26:20","modified_gmt":"2020-02-24T07:26:20","slug":"bitte-vormerken-bitte-vormerken","status":"publish","type":"post","link":"https:\/\/sw-osterfeine.de\/?p=26916","title":{"rendered":"Bitte vormerken!!!!! Bitte vormerken!!!!"},"content":{"rendered":"\n<p><strong><em><u>Am Freitag, den 6.3.2020 findet um 20.00 Uhr im Saalbetrieb Fangmann in Osterfeine die diesj\u00e4hrige Generalversammlung Eures Sportvereines statt.<\/u><\/em><\/strong><\/p>\n<p><strong>Aus diesem Grunde endet der Sportbetrieb sowohl auf den Au\u00dfenanlagen als auch in den diversen Hallenr\u00e4umlichkeiten um 19.45 Uhr, damit alle Mitglieder unseres Vereines die M\u00f6glichkeit zum Besuch der Generalversammlung haben. Es sollte f\u00fcr alle Trainer, Betreuer, Aktive und Passive selbstverst\u00e4ndlich sein, an der Generalversammlung teilzunehmen, denn auf der Generalversammlung erf\u00e4hrt man das Wichtige und auch das Richtige bez\u00fcglich des Sportvereines. <\/strong><\/p>\n<p><strong>Es ist sinnvoll, sich gerade auf der Generalversammlung \u00fcber die Aktivit\u00e4ten im Verein zu informieren, Fragen zu stellen und durch Anregungen und durch Verantwortungs\u00fcbernahme den weiteren Weg des OSV mitzugestalten. Es werden auf dieser Versammlung viele Bereiche angesprochen die f\u00fcr den einzelnen Sportler, die einzelne Mannschaft, die jeweilige Abteilung, f\u00fcr den ganzen Verein und auch f\u00fcr die hiesigen Orte von Bedeutung sind. Durch Spekulationen, Vermutungen, Quakereien und \u201eReden \u00fcbereinander\u201c kann kein Verein eine positive Entwicklung erfahren. Kommt zur Generalversammlung, da gibt es Zahlen, Daten und Fakten.<\/strong><\/p>\n<p><strong>Bei mittlerweile 1714 Mitgliedern ist eine Menge im vergangenen Jahr angefallen und f\u00fcr die Zukunft stehen gro\u00dfe Aufgaben vor Eurem OSV!!!!! Also \u201eNix wie hin zur Generalversammlung\u201c. <\/strong><\/p>\n<p><strong>F\u00fcr Verpflegung wird gesorgt werden!!!<\/strong><\/p>\n","protected":false},"excerpt":{"rendered":"<p>Am Freitag, den 6.3.2020 findet um 20.00 Uhr im Saalbetrieb Fangmann in Osterfeine die diesj\u00e4hrige Generalversammlung Eures Sportvereines statt. Aus diesem Grunde endet der Sportbetrieb sowohl auf den Au\u00dfenanlagen als auch in den diversen Hallenr\u00e4umlichkeiten um 19.45 Uhr, damit alle Mitglieder unseres Vereines die M\u00f6glichkeit zum Besuch der Generalversammlung haben. Es sollte f\u00fcr alle Trainer, [&hellip;]<\/p>\n","protected":false},"author":3,"featured_media":0,"comment_status":"closed","ping_status":"closed","sticky":false,"template":"","format":"standard","meta":{"footnotes":""},"categories":[81,3,42,1,38,33,37],"tags":[],"_links":{"self":[{"href":"https:\/\/sw-osterfeine.de\/index.php?rest_route=\/wp\/v2\/posts\/26916"}],"collection":[{"href":"https:\/\/sw-osterfeine.de\/index.php?rest_route=\/wp\/v2\/posts"}],"about":[{"href":"https:\/\/sw-osterfeine.de\/index.php?rest_route=\/wp\/v2\/types\/post"}],"author":[{"embeddable":true,"href":"https:\/\/sw-osterfeine.de\/index.php?rest_route=\/wp\/v2\/users\/3"}],"replies":[{"embeddable":true,"href":"https:\/\/sw-osterfeine.de\/index.php?rest_route=%2Fwp%2Fv2%2Fcomments&post=26916"}],"version-history":[{"count":1,"href":"https:\/\/sw-osterfeine.de\/index.php?rest_route=\/wp\/v2\/posts\/26916\/revisions"}],"predecessor-version":[{"id":26917,"href":"https:\/\/sw-osterfeine.de\/index.php?rest_route=\/wp\/v2\/posts\/26916\/revisions\/26917"}],"wp:attachment":[{"href":"https:\/\/sw-osterfeine.de\/index.php?rest_route=%2Fwp%2Fv2%2Fmedia&parent=26916"}],"wp:term":[{"taxonomy":"category","embeddable":true,"href":"https:\/\/sw-osterfeine.de\/index.php?rest_route=%2Fwp%2Fv2%2Fcategories&post=26916"},{"taxonomy":"post_tag","embeddable":true,"href":"https:\/\/sw-osterfeine.de\/index.php?rest_route=%2Fwp%2Fv2%2Ftags&post=26916"}],"curies":[{"name":"wp","href":"https:\/\/api.w.org\/{rel}","templated":true}]}}