{"id":26941,"date":"2020-03-09T08:12:03","date_gmt":"2020-03-09T07:12:03","guid":{"rendered":"https:\/\/sw-osterfeine.de\/?p=26941"},"modified":"2020-03-09T08:12:03","modified_gmt":"2020-03-09T07:12:03","slug":"bericht-wjc-5","status":"publish","type":"post","link":"https:\/\/sw-osterfeine.de\/?p=26941","title":{"rendered":"Bericht WJC"},"content":{"rendered":"\n<p>Deutliche Klatsche gegen Meisterschaftsanw\u00e4rter TuS Haren<\/p>\n<p>\u00a0<\/p>\n<p>Am Samstagabend bestritten wir mit der WJC das n\u00e4chste Spiel gegen den TuS Haren. Das Hinspiel war bereits eine klare Klatsche (38:22) und so hatten wir uns f\u00fcr heute vorgenommen, das Ergebnis so sch\u00f6n wie m\u00f6glich aussehen zu lassen. Aber Satz mit X das war wohl nix.<\/p>\n<p>Das erste Tor des Spiels erzielte Pauline, was allerdings die einzige F\u00fchrung im ganzen Spiel sein sollte. Bis zum 2:4 in der 7. Minute sah alles noch ganz in Ordnung aus, doch dann legten die G\u00e4ste los und erzielten ein Tor nach dem anderen. Unsere Abwehr stand \u00fcberhaupt nicht, es wurde nicht geredet und auch nicht zugepackt. So war es f\u00fcr Haren ein leichtes die L\u00fccken zu finden. Und sie nutzten ihre Torchancen konsequent. Auch wenn Anna einige B\u00e4lle im Tor gehalten hat, so hatten wir keine Chance. Im Angriff wurde zwar einiges von dem umgesetzt, was wir im Training zuvor ge\u00fcbt haben, aber wenn wir frei vorm Tor standen sind wir immer und immer wieder an der gegnerischen Torh\u00fcterin gescheitert. So haben wir in der ersten Halbzeit lediglich 6 Tore geworfen und im Gegenzug 19 kassiert. Schade eigentlich, da die Abwehr in der letzten Woche gegen Nordhorn eigentlich ganz gut stand. Davon hat man leider dieses Mal nicht viel gesehen.<\/p>\n<p>So war das Spiel eigentlich zur Halbzeit schon entschieden und die Vorgabe f\u00fcr die zweite Halbzeit war lediglich, nicht mit 20 Toren Unterschied verlieren zu wollen. Leider wurde im zweiten Verlauf nicht das umgesetzt, was wir uns vorgenommen hatten und es war wieder und wieder die gegnerische Torh\u00fcterin, die uns zur Verzweiflung getrieben hat. Rechnet man hoch, lag die Chancenverwertung im gesamten Spiel unter 50%. Das war auch der Grund, warum wir unser Vorhaben nicht in die Tat umsetzen konnten. Zwar war die 2. Halbzeit insgesamt etwas besser als die erste, jedoch verloren wir auch diese mit 9 Toren, sodass wir uns am Ende mit 39:17 geschlagen geben mussten.<\/p>\n<p>Es war also ein Spiel zum vergessen und leider haben wir nicht das erreicht, was wir erreichen wollten, aber dennoch gilt es jetzt, den Kopf wieder hoch zu nehmen und sich auf das n\u00e4chste Spiel zu konzentrieren. Das findet nun erst am Dienstag, den 17.3. um 18:30 statt. Wir empfangen dann die HSG Hasel\u00fcnne-Herzlake, gegen die wir im Hinspiel knapp und ungl\u00fccklich mit einem Tor verloren haben. Bis dahin versuchen wir die Schwachstellen aufzuarbeiten, um die Chance auf 2 weitere Punkte zu wahren.<\/p>\n<p>Wir sehen uns also bald wieder in der Halle.<\/p>\n<p>\u00a0<\/p>\n","protected":false},"excerpt":{"rendered":"<p>Deutliche Klatsche gegen Meisterschaftsanw\u00e4rter TuS Haren \u00a0 Am Samstagabend bestritten wir mit der WJC das n\u00e4chste Spiel gegen den TuS Haren. Das Hinspiel war bereits eine klare Klatsche (38:22) und so hatten wir uns f\u00fcr heute vorgenommen, das Ergebnis so sch\u00f6n wie m\u00f6glich aussehen zu lassen. Aber Satz mit X das war wohl nix. Das [&hellip;]<\/p>\n","protected":false},"author":3,"featured_media":0,"comment_status":"closed","ping_status":"closed","sticky":false,"template":"","format":"standard","meta":{"footnotes":""},"categories":[1],"tags":[],"_links":{"self":[{"href":"https:\/\/sw-osterfeine.de\/index.php?rest_route=\/wp\/v2\/posts\/26941"}],"collection":[{"href":"https:\/\/sw-osterfeine.de\/index.php?rest_route=\/wp\/v2\/posts"}],"about":[{"href":"https:\/\/sw-osterfeine.de\/index.php?rest_route=\/wp\/v2\/types\/post"}],"author":[{"embeddable":true,"href":"https:\/\/sw-osterfeine.de\/index.php?rest_route=\/wp\/v2\/users\/3"}],"replies":[{"embeddable":true,"href":"https:\/\/sw-osterfeine.de\/index.php?rest_route=%2Fwp%2Fv2%2Fcomments&post=26941"}],"version-history":[{"count":1,"href":"https:\/\/sw-osterfeine.de\/index.php?rest_route=\/wp\/v2\/posts\/26941\/revisions"}],"predecessor-version":[{"id":26942,"href":"https:\/\/sw-osterfeine.de\/index.php?rest_route=\/wp\/v2\/posts\/26941\/revisions\/26942"}],"wp:attachment":[{"href":"https:\/\/sw-osterfeine.de\/index.php?rest_route=%2Fwp%2Fv2%2Fmedia&parent=26941"}],"wp:term":[{"taxonomy":"category","embeddable":true,"href":"https:\/\/sw-osterfeine.de\/index.php?rest_route=%2Fwp%2Fv2%2Fcategories&post=26941"},{"taxonomy":"post_tag","embeddable":true,"href":"https:\/\/sw-osterfeine.de\/index.php?rest_route=%2Fwp%2Fv2%2Ftags&post=26941"}],"curies":[{"name":"wp","href":"https:\/\/api.w.org\/{rel}","templated":true}]}}