{"id":26961,"date":"2020-04-09T16:40:04","date_gmt":"2020-04-09T14:40:04","guid":{"rendered":"https:\/\/sw-osterfeine.de\/?p=26961"},"modified":"2020-04-09T17:01:42","modified_gmt":"2020-04-09T15:01:42","slug":"liebe-freunde-von-sw-osterfeine","status":"publish","type":"post","link":"https:\/\/sw-osterfeine.de\/?p=26961","title":{"rendered":"Liebe Freunde von SW Osterfeine"},"content":{"rendered":"\n<p>Liebe Freunde von SW Osterfeine,<\/p>\n<p>der Sportverein Schwarz-Wei\u00df Osterfeine w\u00fcnscht allen Mitgliedern und allen OSV-Freunden, allen Trainern und Betreuern, allen F\u00f6rderern und Helfern und allen Sportlerinnen und Sportlern ein &#8211; gerade in dieser Zeit \u2013 frohes und gesundes Osterfest 2020. Wir w\u00fcnschen Euch in der derzeitigen mannschaftslosen Zeit viel Spa\u00df beim individuellen Training und beim Fithalten. Der Sportverein SW Osterfeine freut sich momentan umso mehr auf ein baldiges Wiedersehen beim Teamsport in den OSV- Mannschaften und Gruppen.<\/p>\n<p>Auch wenn in den letzten 4 Wochen der aktive Sport auch in unserem Verein ruhte, war unser OSV nicht komplett unt\u00e4tig:<\/p>\n<ul>\n<li>Auf Platz I wurden die Trainerb\u00e4nke nun umgebaut und befinden sich jetzt nebeneinander an der L\u00e4ngsseite Richtung Osterfeine Ort.<\/li>\n<li>Nach \u00fcber 20 Jahren des Rasenm\u00e4hens unserer Sportanlagen durch die Firma Hellebusch aus Bergfeine \u00fcbernimmt der Sportverein \u2013 so wie mittlerweile fast alle Vereine \u2013 das M\u00e4hen der Sportpl\u00e4tze in Eigenregie. Der Sportverein SW Osterfeine bedankt sich an dieser Stelle au\u00dferordentlich f\u00fcr die tolle Arbeit der Firma Hellebusch f\u00fcr die OSV-Fu\u00dfballer und bedankt sich f\u00fcr die jederzeit kooperative Zusammenarbeit. Vielen, vielen Dank!<\/li>\n<li>In den letzten Wochen wurde der Hallenboden unserer vereinseigenen Sporthalle einer gr\u00fcndlichen Reinigung unterzogen. Der Hallenboden gl\u00e4nzt wie schon lange nicht mehr, auch wenn dem Hallenboden das Fehlen des t\u00e4glichen Sporttreibens unserer Sportler deutlich anzumerken ist. Ebenso fehlt unseren saftig gr\u00fcnen Rasenpl\u00e4tzen das t\u00e4gliche Spiel besonders unserer Kinder und Jugendlichen. Die Pl\u00e4tze warten sehnlichst auf jubelnde Torj\u00e4ger, filigrane Techniker, fliegende Torh\u00fcter und tief gr\u00e4tschende Verteidiger.<\/li>\n<li>Handballerinnen beenden Serie 2019\/2020. Der HVN hat am gestrigen Abend entschieden, die aktuelle Spielserie zu beenden. N\u00e4here Informationen folgen sicherlich in den n\u00e4chsten Tagen und Wochen. Hier stehen f\u00fcr unsere Abteilungsverantwortlichen in n\u00e4chster Zeit sicherlich umfangreiche und nicht immer leichte Entscheidungen an.<\/li>\n<li>Noch nicht entschieden wurde \u00fcber die Fortsetzung der R\u00fcckserie bei unseren Fu\u00dfballern. Warten wir geduldig auf die Entscheidungen in der n\u00e4chsten Zeit.\u00a0\u00a0\u00a0\u00a0\u00a0\u00a0 \u00a0 \u00a0 \u00a0 \u00a0 \u00a0 \u00a0 \u00a0 \u00a0 \u00a0 \u00a0 \u00a0 \u00a0 \u00a0 \u00a0 \u00a0 \u00a0 \u00a0 \u00a0 \u00a0 \u00a0 \u00a0 \u00a0 \u00a0 \u00a0 \u00a0 \u00a0 \u00a0 \u00a0 \u00a0 \u00a0 \u00a0 \u00a0 \u00a0\u00a0\u00a0\u00a0\u00a0\u00a0\u00a0\u00a0\u00a0\u00a0\u00a0\u00a0\u00a0\u00a0\u00a0\u00a0\u00a0\u00a0\u00a0\u00a0\u00a0\u00a0\u00a0\u00a0\u00a0\u00a0\u00a0\u00a0\u00a0\u00a0\u00a0\u00a0\u00a0\u00a0\u00a0\u00a0\u00a0\u00a0\u00a0\u00a0\u00a0\u00a0\u00a0\u00a0\u00a0\u00a0\u00a0\u00a0\u00a0\u00a0\u00a0\u00a0\u00a0\u00a0\u00a0\u00a0\u00a0\u00a0\u00a0\u00a0\u00a0\u00a0\u00a0\u00a0\u00a0\u00a0\u00a0\u00a0\u00a0\u00a0\u00a0\u00a0\u00a0\u00a0\u00a0\u00a0\u00a0\u00a0\u00a0\u00a0\u00a0\u00a0\u00a0\u00a0 \u00a0 \u00a0 \u00a0 \u00a0 \u00a0 \u00a0 \u00a0 \u00a0 \u00a0 \u00a0 \u00a0 \u00a0 \u00a0 \u00a0 \u00a0 \u00a0 \u00a0\u00a0<\/li>\n<li>Liebe Mitglieder, bleibt gesund, vergesst auch in dieser schweren Zeit Euren Sportverein nicht g\u00e4nzlich und freut Euch, bei einer ruhigen Minute, auf den \u2013 hoffentlich bald wieder \u2013 Mannschaftssport mit Euren Freunden in Eurem Sportverein Schwarz-Wei\u00df Osterfeine.<\/li>\n<\/ul>\n<p>\u00a0<\/p>\n<p>\u00a0\u00a0\u00a0\u00a0\u00a0\u00a0\u00a0\u00a0\u00a0\u00a0\u00a0\u00a0\u00a0\u00a0\u00a0\u00a0\u00a0\u00a0\u00a0\u00a0\u00a0\u00a0\u00a0\u00a0\u00a0\u00a0\u00a0\u00a0\u00a0\u00a0\u00a0\u00a0\u00a0\u00a0\u00a0\u00a0\u00a0\u00a0\u00a0\u00a0\u00a0\u00a0\u00a0\u00a0\u00a0 FROHE OSTEREN<\/p>\n","protected":false},"excerpt":{"rendered":"<p>Liebe Freunde von SW Osterfeine, der Sportverein Schwarz-Wei\u00df Osterfeine w\u00fcnscht allen Mitgliedern und allen OSV-Freunden, allen Trainern und Betreuern, allen F\u00f6rderern und Helfern und allen Sportlerinnen und Sportlern ein &#8211; gerade in dieser Zeit \u2013 frohes und gesundes Osterfest 2020. Wir w\u00fcnschen Euch in der derzeitigen mannschaftslosen Zeit viel Spa\u00df beim individuellen Training und beim [&hellip;]<\/p>\n","protected":false},"author":3,"featured_media":0,"comment_status":"closed","ping_status":"closed","sticky":false,"template":"","format":"standard","meta":{"footnotes":""},"categories":[37],"tags":[],"_links":{"self":[{"href":"https:\/\/sw-osterfeine.de\/index.php?rest_route=\/wp\/v2\/posts\/26961"}],"collection":[{"href":"https:\/\/sw-osterfeine.de\/index.php?rest_route=\/wp\/v2\/posts"}],"about":[{"href":"https:\/\/sw-osterfeine.de\/index.php?rest_route=\/wp\/v2\/types\/post"}],"author":[{"embeddable":true,"href":"https:\/\/sw-osterfeine.de\/index.php?rest_route=\/wp\/v2\/users\/3"}],"replies":[{"embeddable":true,"href":"https:\/\/sw-osterfeine.de\/index.php?rest_route=%2Fwp%2Fv2%2Fcomments&post=26961"}],"version-history":[{"count":4,"href":"https:\/\/sw-osterfeine.de\/index.php?rest_route=\/wp\/v2\/posts\/26961\/revisions"}],"predecessor-version":[{"id":26967,"href":"https:\/\/sw-osterfeine.de\/index.php?rest_route=\/wp\/v2\/posts\/26961\/revisions\/26967"}],"wp:attachment":[{"href":"https:\/\/sw-osterfeine.de\/index.php?rest_route=%2Fwp%2Fv2%2Fmedia&parent=26961"}],"wp:term":[{"taxonomy":"category","embeddable":true,"href":"https:\/\/sw-osterfeine.de\/index.php?rest_route=%2Fwp%2Fv2%2Fcategories&post=26961"},{"taxonomy":"post_tag","embeddable":true,"href":"https:\/\/sw-osterfeine.de\/index.php?rest_route=%2Fwp%2Fv2%2Ftags&post=26961"}],"curies":[{"name":"wp","href":"https:\/\/api.w.org\/{rel}","templated":true}]}}