{"id":26968,"date":"2020-04-14T08:10:48","date_gmt":"2020-04-14T06:10:48","guid":{"rendered":"https:\/\/sw-osterfeine.de\/?p=26968"},"modified":"2020-04-14T08:31:57","modified_gmt":"2020-04-14T06:31:57","slug":"handball-1-d-jugend-bericht","status":"publish","type":"post","link":"https:\/\/sw-osterfeine.de\/?p=26968","title":{"rendered":"Handball 1.D-Jugend Bericht"},"content":{"rendered":"\n<p>Hallo liebe OSV\u00b4ler!<\/p>\n<p>In diesen schwierigen Zeiten, m\u00f6chten wir Euch einen kurzen R\u00fcckblick \u00fcber unsere abgelaufene Saison geben, in der f\u00fcr uns h\u00f6chst m\u00f6glichen Spielklasse, der <br \/>Regionsoberliga. Als eine der wenigen Mannschaften durften wir unsere Saison zu Ende f\u00fchren. Was erst nach einem Nachteil, aufgrund der dann langen Pause <br \/>von M\u00e4rz bis September aussah, hat sich nun doch als nicht ganz so schlecht entwickelt. <br \/>Wir durften uns mit Vereinen wir dem Tus Bramsche, TV Georgsmarienh\u00fctte, HSG Gr\u00f6negau-Melle, TSV Bissendorf-Holte, HSG Osnabr\u00fcck und weiteren gro\u00dfen <br \/>Handballnamen messen. F\u00fcr unsere Spielerinnen, f\u00fcr uns als Trainer und auch f\u00fcr die Zuschauer sicherlich ein tolles Erlebnis, alleine schon mal in andere Sporthallen <br \/>und Gefilde zukommen. <br \/>Als Saisonziel hatten wir die Top 5 ausgegeben, ohne eine wirkliche Ahnung zu haben, wo wir in dieser Liga wirklich stehen.<\/p>\n<p>Klarer und unangefochtener Meister ist der Tus Bramsche geworden, die sicherlich vom K\u00f6rperbau und vom Spielerischen in einer ganz anderen Welt spielen als <br \/>die restlichen Vereine. Mit allen anderen Mannschaften konnten wir uns wirklich gut messen, gegen den Zweitplatzierten TSV Georgsmarienh\u00fctte konnten wir mit <br \/>einem Sieg und einem Unentschieden gl\u00e4nzen. Gegen vermeintlich schw\u00e4chere Gegner haben wir aber auch Punkte liegen lassen. Wenn wir nun alle Spiele Revue passieren <br \/>lassen, w\u00e4re vom Potential unserer Mannschaft auf jeden Fall ein Platz unter den ersten 3 machbar gewesen.<\/p>\n<p>Wir stehen derzeit auf dem 6. Tabellenplatz, wobei der Meister Bramsche im letzten Spiel auf den TV Bohmte trifft. Wir lieb\u00e4ugeln nat\u00fcrlich mit einem Sieg der Bramscher, <br \/>dann w\u00fcrde es aufgrund des besseren Torverh\u00e4ltnis zu Platz 5 f\u00fcr uns reichen, damit h\u00e4tten wir dann unser Saisonziel erreicht.<\/p>\n<p>Auf jeden Fall k\u00f6nnen wir mit Stolz sagen, das wir GW M\u00fchlen hinter uns gelassen haben, und somit die beste platzierte Mannschaft aus dem Landkreis Vechta in der <br \/>D-Jugend sind. Nachdem die M\u00e4dels in der E-Jugend die Kreismeisterschaft erreicht haben, ist dieses zwei Jahre sp\u00e4ter ein gleichzusetzender Erfolg.<\/p>\n<p>Unsere besten Torj\u00e4gerinnen waren:<\/p>\n<p>Zoe Hillmann mit 61 Toren, Eva Neteler mit 53 Toren und Klara R\u00f6mer mit 47 Toren. <br \/>Hervorheben m\u00f6chten wir auch, das es allen eingesetzten Spielerinnen in dieser Saison gelungen ist,mindestens ein Tor zu erzielen. Im Gegensatz zu den meisten Vereinen, die <br \/>ihr komplettes Spiel auf 1 oder 2 Spielerinnen auslegen, sind wir doch sehr breit aufgestellt, und das macht Lust auf mehr.<\/p>\n<p>Daher haben wir uns auch entschlossen, auch die n\u00e4chste Saison wieder gemeinsam anzugehen, und dann bereits im 7 Jahre auf Torejagd zu gehen. <br \/>In der neuen Saison werden wir dann als 2-C Jugend wieder im Kreis unterwegs sein, und gegen Mannschaften aus dem \u00e4lteren Jahrgang wieder Erfahrungen zu sammeln.<\/p>\n<p>Einen Dank m\u00f6chten wir an unsere Fans senden, wir hatten oft eine gut gef\u00fcllte Trib\u00fcne, und die Eltern, Gro\u00dfeltern und Geschwister unseres eingeschworenen Haufens <br \/>waren bei fast allen Ausw\u00e4rtsspielen dabei, das hat richtig Spa\u00df gemacht.<\/p>\n<p>Nun hoffen wir, das wir bald wieder trainieren k\u00f6nnen, und uns auf die neue Saison vorbereiten k\u00f6nnen.<\/p>\n<p>Bleibt Gesund und auf bald, Yvonne Rehling und Jutta Hillmann. <\/p>\n","protected":false},"excerpt":{"rendered":"<p>Hallo liebe OSV\u00b4ler! In diesen schwierigen Zeiten, m\u00f6chten wir Euch einen kurzen R\u00fcckblick \u00fcber unsere abgelaufene Saison geben, in der f\u00fcr uns h\u00f6chst m\u00f6glichen Spielklasse, der Regionsoberliga. Als eine der wenigen Mannschaften durften wir unsere Saison zu Ende f\u00fchren. Was erst nach einem Nachteil, aufgrund der dann langen Pause von M\u00e4rz bis September aussah, hat [&hellip;]<\/p>\n","protected":false},"author":3,"featured_media":0,"comment_status":"closed","ping_status":"closed","sticky":false,"template":"","format":"standard","meta":{"footnotes":""},"categories":[1],"tags":[],"_links":{"self":[{"href":"https:\/\/sw-osterfeine.de\/index.php?rest_route=\/wp\/v2\/posts\/26968"}],"collection":[{"href":"https:\/\/sw-osterfeine.de\/index.php?rest_route=\/wp\/v2\/posts"}],"about":[{"href":"https:\/\/sw-osterfeine.de\/index.php?rest_route=\/wp\/v2\/types\/post"}],"author":[{"embeddable":true,"href":"https:\/\/sw-osterfeine.de\/index.php?rest_route=\/wp\/v2\/users\/3"}],"replies":[{"embeddable":true,"href":"https:\/\/sw-osterfeine.de\/index.php?rest_route=%2Fwp%2Fv2%2Fcomments&post=26968"}],"version-history":[{"count":3,"href":"https:\/\/sw-osterfeine.de\/index.php?rest_route=\/wp\/v2\/posts\/26968\/revisions"}],"predecessor-version":[{"id":26971,"href":"https:\/\/sw-osterfeine.de\/index.php?rest_route=\/wp\/v2\/posts\/26968\/revisions\/26971"}],"wp:attachment":[{"href":"https:\/\/sw-osterfeine.de\/index.php?rest_route=%2Fwp%2Fv2%2Fmedia&parent=26968"}],"wp:term":[{"taxonomy":"category","embeddable":true,"href":"https:\/\/sw-osterfeine.de\/index.php?rest_route=%2Fwp%2Fv2%2Fcategories&post=26968"},{"taxonomy":"post_tag","embeddable":true,"href":"https:\/\/sw-osterfeine.de\/index.php?rest_route=%2Fwp%2Fv2%2Ftags&post=26968"}],"curies":[{"name":"wp","href":"https:\/\/api.w.org\/{rel}","templated":true}]}}