{"id":26981,"date":"2020-05-13T11:11:25","date_gmt":"2020-05-13T09:11:25","guid":{"rendered":"https:\/\/sw-osterfeine.de\/?p=26981"},"modified":"2020-05-13T11:11:25","modified_gmt":"2020-05-13T09:11:25","slug":"laufchallenge-1-damen-gegen-2-damen","status":"publish","type":"post","link":"https:\/\/sw-osterfeine.de\/?p=26981","title":{"rendered":"Laufchallenge 1.Damen gegen 2.Damen"},"content":{"rendered":"\n<p><strong><u>Gemeinsam Sport in Zeiten von Corona<\/u><\/strong><\/p>\n<p>In den Zeiten von Corona ist es bekanntlich schwer f\u00fcr Mannschaftssportler\/innen Sport zu treiben bzw. sich daf\u00fcr zu motivieren. Aus diesem Grunde haben sich die 1. und 2. Handballdamen f\u00fcr eine gemeinsame Challenge zusammengetan.<\/p>\n<p>Ziel dieses Wettkampfes war es, mehr Kilometer innerhalb einer Woche als das jeweils andere Team zu laufen! Die 2. Damen ging mit einem kleinen Nachteil ins Rennen, denn sie starteten mit einer Sportlerin weniger.<\/p>\n<p>Beide Mannschaften gingen sehr motiviert an den Start. Es war vom ersten bis zum letzten Tag ein spannendes Kopf an Kopf Rennen, welches am Ende die 2. Damen mit 31,07 mehr abgerissenen Kilometern f\u00fcr sich entschied. Eine enorme Leistung von beiden Mannschaften !<\/p>\n<p>Damit nicht genug, alle gesammelten Gesamtkilometer in H\u00f6he von 1035,69 km kommen dem Spendenlauf f\u00fcr Anton Hillmann zu Gute!!! Wer sich ebenfalls f\u00fcr Anton mit gelaufenen Kilometern einsetzen m\u00f6chte, kann ihn gerne unter folgendem Link unterst\u00fctzen: <a href=\"http:\/\/www.aktionbenniundco.de\/spendenlauf\">www.aktionbenniundco.de\/spendenlauf<\/a><\/p>\n<p><strong>Jeder Kilometer z\u00e4hlt!!!<\/strong><\/p>\n<p>Ich hoffe, wir konnten hiermit auch anderen Teams M\u00f6glichkeiten aufzeigen ,sich in dieser schweren Phase fit zu halten und damit auch noch etwas Gutes zu tun.<\/p>\n<p>Im Folgenden eine kurze \u00dcbersicht der geleisteten Kilometer:<\/p>\n<table style=\"width: 101.552%; height: 788px;\">\n<tbody>\n<tr>\n<td colspan=\"2\" width=\"307\">\n<p><strong>1.\u00a0\u00a0\u00a0 <\/strong><strong>Damen (17 Teilnehmerinnen)<\/strong><\/p>\n<\/td>\n<td colspan=\"2\" width=\"307\">\n<p><strong>2.\u00a0\u00a0\u00a0 <\/strong><strong>Damen (16 Teilnehmerinnen)<\/strong><\/p>\n<\/td>\n<\/tr>\n<tr>\n<td width=\"149\">\n<p>Tag 1<\/p>\n<\/td>\n<td width=\"158\">\n<p>104,97 km<\/p>\n<\/td>\n<td width=\"154\">\n<p>Tag 1<\/p>\n<\/td>\n<td width=\"154\">\n<p>107,90 km<\/p>\n<\/td>\n<\/tr>\n<tr>\n<td width=\"149\">\n<p>Tag 2<\/p>\n<\/td>\n<td width=\"158\">\n<p>59,09 km<\/p>\n<\/td>\n<td width=\"154\">\n<p>Tag 2<\/p>\n<\/td>\n<td width=\"154\">\n<p>44,64 km<\/p>\n<\/td>\n<\/tr>\n<tr>\n<td width=\"149\">\n<p>Tag 3<\/p>\n<\/td>\n<td width=\"158\">\n<p>80,70 km<\/p>\n<\/td>\n<td width=\"154\">\n<p>Tag 3<\/p>\n<\/td>\n<td width=\"154\">\n<p>115,01 km<\/p>\n<\/td>\n<\/tr>\n<tr>\n<td width=\"149\">\n<p>Tag 4<\/p>\n<\/td>\n<td width=\"158\">\n<p>61,20 km<\/p>\n<\/td>\n<td width=\"154\">\n<p>Tag 4<\/p>\n<\/td>\n<td width=\"154\">\n<p>21,54 km<\/p>\n<\/td>\n<\/tr>\n<tr>\n<td width=\"149\">\n<p>Tag 5<\/p>\n<\/td>\n<td width=\"158\">\n<p>79,97 km<\/p>\n<\/td>\n<td width=\"154\">\n<p>Tag 5<\/p>\n<\/td>\n<td width=\"154\">\n<p>100,93 km<\/p>\n<\/td>\n<\/tr>\n<tr>\n<td width=\"149\">\n<p>Tag 6<\/p>\n<\/td>\n<td width=\"158\">\n<p>39,06 km<\/p>\n<\/td>\n<td width=\"154\">\n<p>Tag 6<\/p>\n<\/td>\n<td width=\"154\">\n<p>39,43 km<\/p>\n<\/td>\n<\/tr>\n<tr>\n<td width=\"149\">\n<p>Tag 7<\/p>\n<\/td>\n<td width=\"158\">\n<p>77,32 km<\/p>\n<\/td>\n<td width=\"154\">\n<p>Tag 7<\/p>\n<\/td>\n<td width=\"154\">\n<p>103,93 km<\/p>\n<\/td>\n<\/tr>\n<tr>\n<td width=\"149\">\n<p><strong>Gesamt:<\/strong><\/p>\n<\/td>\n<td width=\"158\">\n<p><strong>502,31 km<\/strong><\/p>\n<\/td>\n<td width=\"154\">\n<p><strong>Gesamt:<\/strong><\/p>\n<\/td>\n<td width=\"154\">\n<p><strong>533,38 km<\/strong><\/p>\n<\/td>\n<\/tr>\n<\/tbody>\n<\/table>\n\n\t\t<style type=\"text\/css\">\n\t\t\t#gallery-1 {\n\t\t\t\tmargin: auto;\n\t\t\t}\n\t\t\t#gallery-1 .gallery-item {\n\t\t\t\tfloat: left;\n\t\t\t\tmargin-top: 10px;\n\t\t\t\ttext-align: center;\n\t\t\t\twidth: 33%;\n\t\t\t}\n\t\t\t#gallery-1 img {\n\t\t\t\tborder: 2px solid #cfcfcf;\n\t\t\t}\n\t\t\t#gallery-1 .gallery-caption {\n\t\t\t\tmargin-left: 0;\n\t\t\t}\n\t\t\t\/* see gallery_shortcode() in wp-includes\/media.php *\/\n\t\t<\/style>\n\t\t<div id='gallery-1' class='gallery galleryid-26981 gallery-columns-3 gallery-size-thumbnail'><dl class='gallery-item'>\n\t\t\t<dt class='gallery-icon landscape'>\n\t\t\t\t<a href='https:\/\/sw-osterfeine.de\/wp-content\/uploads\/2020\/05\/1.D.jpg' title=\"\" data-rl_title=\"\" class=\"rl-gallery-link\" data-rl_caption=\"\" data-rel=\"lightbox-gallery-1\"><img loading=\"lazy\" decoding=\"async\" width=\"150\" height=\"150\" src=\"https:\/\/sw-osterfeine.de\/wp-content\/uploads\/2020\/05\/1.D-150x150.jpg\" class=\"attachment-thumbnail size-thumbnail\" alt=\"\" \/><\/a>\n\t\t\t<\/dt><\/dl><dl class='gallery-item'>\n\t\t\t<dt class='gallery-icon landscape'>\n\t\t\t\t<a href='https:\/\/sw-osterfeine.de\/wp-content\/uploads\/2020\/05\/2.Dam_..jpg' title=\"\" data-rl_title=\"\" class=\"rl-gallery-link\" data-rl_caption=\"\" data-rel=\"lightbox-gallery-1\"><img loading=\"lazy\" decoding=\"async\" width=\"150\" height=\"150\" src=\"https:\/\/sw-osterfeine.de\/wp-content\/uploads\/2020\/05\/2.Dam_.-150x150.jpg\" class=\"attachment-thumbnail size-thumbnail\" alt=\"\" \/><\/a>\n\t\t\t<\/dt><\/dl>\n\t\t\t<br style='clear: both' \/>\n\t\t<\/div>\n\n","protected":false},"excerpt":{"rendered":"<p>Gemeinsam Sport in Zeiten von Corona In den Zeiten von Corona ist es bekanntlich schwer f\u00fcr Mannschaftssportler\/innen Sport zu treiben bzw. sich daf\u00fcr zu motivieren. Aus diesem Grunde haben sich die 1. und 2. Handballdamen f\u00fcr eine gemeinsame Challenge zusammengetan. Ziel dieses Wettkampfes war es, mehr Kilometer innerhalb einer Woche als das jeweils andere Team [&hellip;]<\/p>\n","protected":false},"author":3,"featured_media":0,"comment_status":"closed","ping_status":"closed","sticky":false,"template":"","format":"standard","meta":{"footnotes":""},"categories":[1],"tags":[],"_links":{"self":[{"href":"https:\/\/sw-osterfeine.de\/index.php?rest_route=\/wp\/v2\/posts\/26981"}],"collection":[{"href":"https:\/\/sw-osterfeine.de\/index.php?rest_route=\/wp\/v2\/posts"}],"about":[{"href":"https:\/\/sw-osterfeine.de\/index.php?rest_route=\/wp\/v2\/types\/post"}],"author":[{"embeddable":true,"href":"https:\/\/sw-osterfeine.de\/index.php?rest_route=\/wp\/v2\/users\/3"}],"replies":[{"embeddable":true,"href":"https:\/\/sw-osterfeine.de\/index.php?rest_route=%2Fwp%2Fv2%2Fcomments&post=26981"}],"version-history":[{"count":1,"href":"https:\/\/sw-osterfeine.de\/index.php?rest_route=\/wp\/v2\/posts\/26981\/revisions"}],"predecessor-version":[{"id":26984,"href":"https:\/\/sw-osterfeine.de\/index.php?rest_route=\/wp\/v2\/posts\/26981\/revisions\/26984"}],"wp:attachment":[{"href":"https:\/\/sw-osterfeine.de\/index.php?rest_route=%2Fwp%2Fv2%2Fmedia&parent=26981"}],"wp:term":[{"taxonomy":"category","embeddable":true,"href":"https:\/\/sw-osterfeine.de\/index.php?rest_route=%2Fwp%2Fv2%2Fcategories&post=26981"},{"taxonomy":"post_tag","embeddable":true,"href":"https:\/\/sw-osterfeine.de\/index.php?rest_route=%2Fwp%2Fv2%2Ftags&post=26981"}],"curies":[{"name":"wp","href":"https:\/\/api.w.org\/{rel}","templated":true}]}}