{"id":26990,"date":"2020-05-22T12:05:03","date_gmt":"2020-05-22T10:05:03","guid":{"rendered":"https:\/\/sw-osterfeine.de\/?p=26990"},"modified":"2020-05-22T12:05:50","modified_gmt":"2020-05-22T10:05:50","slug":"26990","status":"publish","type":"post","link":"https:\/\/sw-osterfeine.de\/?p=26990","title":{"rendered":"I-Handballdamen schaffen Wiederaufstieg\u00a0in die Landesliga!!!!\u00a0"},"content":{"rendered":"\n<p>\u00a0<\/p>\n<p><strong>Leider etwas unbemerkt, aber genauso sportlich wertvoll, schaffte unsere I-Handballdamenmannschaft in dieser Serie den sportlichen Wiederaufstieg in die Landesliga. Diese Entscheidung traf der HVN nach dem Abbruch der Spielserie 19\/20, da unsere Damen als Tabellenerster und als Mannschaft mit dem zweitbesten Koeffizienten sich das Aufstiegsrecht sicherten. Dazu gratuliert der ganze Sportverein unseren Damen ganz, ganz herzlich!!!<\/strong><\/p>\n<p><strong>\u00a0\u00a0\u00a0\u00a0\u00a0\u00a0\u00a0\u00a0\u00a0\u00a0\u00a0\u00a0\u00a0\u00a0\u00a0\u00a0\u00a0\u00a0\u00a0\u00a0\u00a0\u00a0\u00a0\u00a0\u00a0\u00a0 <a href=\"https:\/\/sw-osterfeine.de\/wp-content\/uploads\/2019\/12\/1.DamenMannschaftsbild-scaled.jpg\" data-rel=\"lightbox-image-0\" data-rl_title=\"\" data-rl_caption=\"\" title=\"\"><img loading=\"lazy\" decoding=\"async\" class=\"alignnone size-medium wp-image-26695\" src=\"https:\/\/sw-osterfeine.de\/wp-content\/uploads\/2019\/12\/1.DamenMannschaftsbild-300x200.jpg\" alt=\"\" width=\"300\" height=\"200\" srcset=\"https:\/\/sw-osterfeine.de\/wp-content\/uploads\/2019\/12\/1.DamenMannschaftsbild-300x200.jpg 300w, https:\/\/sw-osterfeine.de\/wp-content\/uploads\/2019\/12\/1.DamenMannschaftsbild-1024x683.jpg 1024w, https:\/\/sw-osterfeine.de\/wp-content\/uploads\/2019\/12\/1.DamenMannschaftsbild-768x512.jpg 768w, https:\/\/sw-osterfeine.de\/wp-content\/uploads\/2019\/12\/1.DamenMannschaftsbild-1536x1024.jpg 1536w, https:\/\/sw-osterfeine.de\/wp-content\/uploads\/2019\/12\/1.DamenMannschaftsbild-2048x1366.jpg 2048w\" sizes=\"(max-width: 300px) 100vw, 300px\" \/><\/a><br \/><\/strong><\/p>\n<p><strong>In den absolvierten 18 Spielen gingen unsere Damen 15mal als Sieger vom Platz mit einem Punkteverh\u00e4ltnis von 30:6 und 521: 394 Toren. Diese Zahlen verdeutlichen die tollen Leistungen der Mannschaft von Trainer Heinz Rawe und Betreuerin Sandra Kruthaup. Euch<\/strong> <strong>beiden Verantwortlichen<\/strong>\u00a0 <strong>ein<\/strong> <strong>ganz herzliches Dankesch\u00f6n f\u00fcr Euer Engagement und Gl\u00fcckwunsch zum Aufstieg.<\/strong> \u00a0\u00a0\u00a0<\/p>\n<p>\u00a0<\/p>\n<p>\u00a0\u00a0 <a href=\"https:\/\/sw-osterfeine.de\/wp-content\/uploads\/2019\/12\/HeinzRawe-scaled.jpg\" data-rel=\"lightbox-image-1\" data-rl_title=\"\" data-rl_caption=\"\" title=\"\"><img loading=\"lazy\" decoding=\"async\" class=\"alignnone size-medium wp-image-26702\" src=\"https:\/\/sw-osterfeine.de\/wp-content\/uploads\/2019\/12\/HeinzRawe-200x300.jpg\" alt=\"\" width=\"200\" height=\"300\" srcset=\"https:\/\/sw-osterfeine.de\/wp-content\/uploads\/2019\/12\/HeinzRawe-200x300.jpg 200w, https:\/\/sw-osterfeine.de\/wp-content\/uploads\/2019\/12\/HeinzRawe-683x1024.jpg 683w, https:\/\/sw-osterfeine.de\/wp-content\/uploads\/2019\/12\/HeinzRawe-768x1152.jpg 768w, https:\/\/sw-osterfeine.de\/wp-content\/uploads\/2019\/12\/HeinzRawe-1024x1536.jpg 1024w, https:\/\/sw-osterfeine.de\/wp-content\/uploads\/2019\/12\/HeinzRawe-1366x2048.jpg 1366w, https:\/\/sw-osterfeine.de\/wp-content\/uploads\/2019\/12\/HeinzRawe-scaled.jpg 1707w\" sizes=\"(max-width: 200px) 100vw, 200px\" \/><\/a> \u00a0\u00a0\u00a0\u00a0\u00a0\u00a0\u00a0\u00a0\u00a0\u00a0\u00a0\u00a0\u00a0\u00a0\u00a0\u00a0\u00a0\u00a0\u00a0\u00a0\u00a0\u00a0\u00a0\u00a0\u00a0\u00a0\u00a0\u00a0\u00a0\u00a0\u00a0\u00a0 <a href=\"https:\/\/sw-osterfeine.de\/wp-content\/uploads\/2019\/12\/SandraKruthaup-scaled.jpg\" data-rel=\"lightbox-image-2\" data-rl_title=\"\" data-rl_caption=\"\" title=\"\"><img loading=\"lazy\" decoding=\"async\" class=\"alignnone size-medium wp-image-26712\" src=\"https:\/\/sw-osterfeine.de\/wp-content\/uploads\/2019\/12\/SandraKruthaup-200x300.jpg\" alt=\"\" width=\"200\" height=\"300\" srcset=\"https:\/\/sw-osterfeine.de\/wp-content\/uploads\/2019\/12\/SandraKruthaup-200x300.jpg 200w, https:\/\/sw-osterfeine.de\/wp-content\/uploads\/2019\/12\/SandraKruthaup-682x1024.jpg 682w, https:\/\/sw-osterfeine.de\/wp-content\/uploads\/2019\/12\/SandraKruthaup-768x1153.jpg 768w, https:\/\/sw-osterfeine.de\/wp-content\/uploads\/2019\/12\/SandraKruthaup-1023x1536.jpg 1023w, https:\/\/sw-osterfeine.de\/wp-content\/uploads\/2019\/12\/SandraKruthaup-1365x2048.jpg 1365w, https:\/\/sw-osterfeine.de\/wp-content\/uploads\/2019\/12\/SandraKruthaup-scaled.jpg 1706w\" sizes=\"(max-width: 200px) 100vw, 200px\" \/><\/a><\/p>\n<p>\u00a0<\/p>\n<p><strong>Ein Blick in die Mannschaftsstatistik zeigt, dass zahlreiche Spielerinnen zum Erfolg beitrugen und das Erfolgsgeheimnis der Mannschaft sicherlich in Ihrer Ausgeglichenheit begr\u00fcndet lag.\u00a0 Dennoch ragte Annika Kruthaup bei einigen Werten heraus. Mit 7 Zweiminutenstrafen lag sie mannschaftsintern vorne \u2013 knapp vor Jessica Landwehr. <\/strong><\/p>\n<p><strong>\u00a0\u00a0\u00a0\u00a0\u00a0\u00a0\u00a0\u00a0\u00a0\u00a0\u00a0\u00a0\u00a0\u00a0\u00a0\u00a0\u00a0\u00a0\u00a0\u00a0\u00a0\u00a0\u00a0\u00a0\u00a0\u00a0\u00a0\u00a0\u00a0\u00a0\u00a0\u00a0\u00a0\u00a0\u00a0 <\/strong><\/p>\n<p><strong>\u00a0\u00a0\u00a0\u00a0\u00a0\u00a0\u00a0\u00a0\u00a0\u00a0\u00a0\u00a0\u00a0\u00a0\u00a0\u00a0\u00a0\u00a0\u00a0\u00a0\u00a0\u00a0\u00a0\u00a0\u00a0\u00a0\u00a0\u00a0\u00a0\u00a0\u00a0\u00a0\u00a0\u00a0\u00a0\u00a0\u00a0\u00a0 <a href=\"https:\/\/sw-osterfeine.de\/wp-content\/uploads\/2019\/12\/AnnikaKruthaup-scaled.jpg\" data-rel=\"lightbox-image-3\" data-rl_title=\"\" data-rl_caption=\"\" title=\"\"><img loading=\"lazy\" decoding=\"async\" class=\"alignnone size-medium wp-image-26697\" src=\"https:\/\/sw-osterfeine.de\/wp-content\/uploads\/2019\/12\/AnnikaKruthaup-201x300.jpg\" alt=\"\" width=\"201\" height=\"300\" srcset=\"https:\/\/sw-osterfeine.de\/wp-content\/uploads\/2019\/12\/AnnikaKruthaup-201x300.jpg 201w, https:\/\/sw-osterfeine.de\/wp-content\/uploads\/2019\/12\/AnnikaKruthaup-684x1024.jpg 684w, https:\/\/sw-osterfeine.de\/wp-content\/uploads\/2019\/12\/AnnikaKruthaup-768x1149.jpg 768w, https:\/\/sw-osterfeine.de\/wp-content\/uploads\/2019\/12\/AnnikaKruthaup-1027x1536.jpg 1027w, https:\/\/sw-osterfeine.de\/wp-content\/uploads\/2019\/12\/AnnikaKruthaup-1369x2048.jpg 1369w, https:\/\/sw-osterfeine.de\/wp-content\/uploads\/2019\/12\/AnnikaKruthaup-scaled.jpg 1711w\" sizes=\"(max-width: 201px) 100vw, 201px\" \/><\/a><br \/><\/strong><\/p>\n<p><strong>\u00a0<\/strong><\/p>\n<p><strong>In der Gesamtstaffel war sie mit den Strafen aber als 26. weit hinten. Daf\u00fcr war Annika \u2013 gleichzeitig auch engagierte Trainerin unserer Haba- C-Jugend \u2013 in der Torsch\u00fctzenliste weit vorne. Sie kam nach 18 Spielen auf 98 Saisontreffer, dicht bedr\u00e4ngt allerdings von Lisa Meyer mit 82 Toren, Julia Lampe mit 74 Toren, Louisa Beckmann mit 66 Toren. Ebenfalls noch unter den Top 100 der Staffeltorj\u00e4gerinnen: Steffi Meyer (38), Anna Wiehebrink (30), Charlotte Maue (25), Svenja Riesenbeck (22) und Jessica Landwehr (20).<\/strong><\/p>\n<p><strong>In der Siebenmeterstatistik waren Annika Kruthaup (43 von 51) und Julia Lampe (35 von 42) ganz vorne.<\/strong><\/p>\n<p><strong>Auch wenn sie in keiner Statistik Erw\u00e4hnungen finden, geht ein Riesenkompliment an das eingespielte Torh\u00fcterduo Laura-Sophie B\u00f6ckerstette und Franziska Renzenbrink. \u00a0\u00a0<\/strong><\/p>\n<p><strong>\u00a0<\/strong><\/p>\n\n\t\t<style type=\"text\/css\">\n\t\t\t#gallery-1 {\n\t\t\t\tmargin: auto;\n\t\t\t}\n\t\t\t#gallery-1 .gallery-item {\n\t\t\t\tfloat: left;\n\t\t\t\tmargin-top: 10px;\n\t\t\t\ttext-align: center;\n\t\t\t\twidth: 33%;\n\t\t\t}\n\t\t\t#gallery-1 img {\n\t\t\t\tborder: 2px solid #cfcfcf;\n\t\t\t}\n\t\t\t#gallery-1 .gallery-caption {\n\t\t\t\tmargin-left: 0;\n\t\t\t}\n\t\t\t\/* see gallery_shortcode() in wp-includes\/media.php *\/\n\t\t<\/style>\n\t\t<div id='gallery-1' class='gallery galleryid-26990 gallery-columns-3 gallery-size-thumbnail'><dl class='gallery-item'>\n\t\t\t<dt class='gallery-icon portrait'>\n\t\t\t\t<a href='https:\/\/sw-osterfeine.de\/wp-content\/uploads\/2019\/12\/Laura-SophieB\u00f6ckerstette-scaled.jpg' title=\"\" data-rl_title=\"\" class=\"rl-gallery-link\" data-rl_caption=\"\" data-rel=\"lightbox-gallery-1\"><img loading=\"lazy\" decoding=\"async\" width=\"150\" height=\"150\" src=\"https:\/\/sw-osterfeine.de\/wp-content\/uploads\/2019\/12\/Laura-SophieB\u00f6ckerstette-150x150.jpg\" class=\"attachment-thumbnail size-thumbnail\" alt=\"\" \/><\/a>\n\t\t\t<\/dt><\/dl><dl class='gallery-item'>\n\t\t\t<dt class='gallery-icon landscape'>\n\t\t\t\t<a href='https:\/\/sw-osterfeine.de\/wp-content\/uploads\/2019\/12\/FranziskaRenzenbrink-scaled.jpg' title=\"\" data-rl_title=\"\" class=\"rl-gallery-link\" data-rl_caption=\"\" data-rel=\"lightbox-gallery-1\"><img loading=\"lazy\" decoding=\"async\" width=\"150\" height=\"150\" src=\"https:\/\/sw-osterfeine.de\/wp-content\/uploads\/2019\/12\/FranziskaRenzenbrink-150x150.jpg\" class=\"attachment-thumbnail size-thumbnail\" alt=\"\" \/><\/a>\n\t\t\t<\/dt><\/dl>\n\t\t\t<br style='clear: both' \/>\n\t\t<\/div>\n\n<p>\u00a0<\/p>\n<p><strong>\u00a0<\/strong><\/p>\n<p><strong>Ein gro\u00dfes Dankesch\u00f6n geht an alle OSV-Fans, die die Mannschaft nach Kr\u00e4ften unterst\u00fctzt haben. Ein besonderer Dank geht an die Heimspielkassierer, Clubraumhelfer und unserem langj\u00e4hrigen und treuen Unterst\u00fctzer Klemens Kreymborg von der Firma SONAC. Klemens sorgt u.a. seit vielen Jahren f\u00fcr das optimale Outfit der OSV-Mannschaft.<\/strong><\/p>\n<p><strong>In der kommenden Serie warten sicherlich au\u00dfergew\u00f6hnlich hohe H\u00fcrden auf unsere Spielerinnen, treffen Sie doch fast ausschlie\u00dflich auf Vereine und Spielgemeinschaften mit riesigen Einzugsgebieten in ihrer Spielerinnenrekrutierung.<\/strong><\/p>\n<p><strong>Aber unsere Damen haben sich entschieden, diese Herausforderung anzunehmen. Das verdient schon jetzt Respekt und die ganze Abteilung und der ganze OSV w\u00fcnschen Euch dabei \u2013 wann immer es genau los geht \u2013 viel Spa\u00df und Gl\u00fcck. <\/strong><\/p>\n<p><strong>Euer Aufstieg ist das Resultat der tollen Jugendarbeit unserer Handballabteilung in vielen, vielen Jahren.\u00a0 Immer wieder schaffen es unsere Abteilung und unsere Spielerinnen Handball auf Bezirksebene zu pr\u00e4sentieren, egal ob in der Jugend oder im Erwachsenenbereich.<\/strong><\/p>\n<p><strong>Durch das Nichtvorhandensein einer M\u00e4nnerhandballsparte, lastet eine Menge Arbeit auf den Schultern der OSV-Handballerinnen, aber sie machen es wunderbar: Danke Kerstin L\u00fcbbehusen als Abteilungsleiterin, Danke Laura-Sophie B\u00f6ckerstette, Mandy Koplin und Jessica Schutt im Handballvorstand, Danke Iris Schlarmann als Schiedsrichterwartin und Danke Petra B\u00f6ckerstette als Spielwartin und, und\u2026\u2026..! Und, ein gro\u00dfes Danke an alle Trainerinnen in allen Mannschaften.<\/strong><\/p>\n","protected":false},"excerpt":{"rendered":"<p>\u00a0 Leider etwas unbemerkt, aber genauso sportlich wertvoll, schaffte unsere I-Handballdamenmannschaft in dieser Serie den sportlichen Wiederaufstieg in die Landesliga. Diese Entscheidung traf der HVN nach dem Abbruch der Spielserie 19\/20, da unsere Damen als Tabellenerster und als Mannschaft mit dem zweitbesten Koeffizienten sich das Aufstiegsrecht sicherten. Dazu gratuliert der ganze Sportverein unseren Damen ganz, [&hellip;]<\/p>\n","protected":false},"author":3,"featured_media":0,"comment_status":"closed","ping_status":"closed","sticky":false,"template":"","format":"standard","meta":{"footnotes":""},"categories":[1],"tags":[],"_links":{"self":[{"href":"https:\/\/sw-osterfeine.de\/index.php?rest_route=\/wp\/v2\/posts\/26990"}],"collection":[{"href":"https:\/\/sw-osterfeine.de\/index.php?rest_route=\/wp\/v2\/posts"}],"about":[{"href":"https:\/\/sw-osterfeine.de\/index.php?rest_route=\/wp\/v2\/types\/post"}],"author":[{"embeddable":true,"href":"https:\/\/sw-osterfeine.de\/index.php?rest_route=\/wp\/v2\/users\/3"}],"replies":[{"embeddable":true,"href":"https:\/\/sw-osterfeine.de\/index.php?rest_route=%2Fwp%2Fv2%2Fcomments&post=26990"}],"version-history":[{"count":2,"href":"https:\/\/sw-osterfeine.de\/index.php?rest_route=\/wp\/v2\/posts\/26990\/revisions"}],"predecessor-version":[{"id":26992,"href":"https:\/\/sw-osterfeine.de\/index.php?rest_route=\/wp\/v2\/posts\/26990\/revisions\/26992"}],"wp:attachment":[{"href":"https:\/\/sw-osterfeine.de\/index.php?rest_route=%2Fwp%2Fv2%2Fmedia&parent=26990"}],"wp:term":[{"taxonomy":"category","embeddable":true,"href":"https:\/\/sw-osterfeine.de\/index.php?rest_route=%2Fwp%2Fv2%2Fcategories&post=26990"},{"taxonomy":"post_tag","embeddable":true,"href":"https:\/\/sw-osterfeine.de\/index.php?rest_route=%2Fwp%2Fv2%2Ftags&post=26990"}],"curies":[{"name":"wp","href":"https:\/\/api.w.org\/{rel}","templated":true}]}}