{"id":26993,"date":"2020-05-22T12:07:45","date_gmt":"2020-05-22T10:07:45","guid":{"rendered":"https:\/\/sw-osterfeine.de\/?p=26993"},"modified":"2020-05-22T12:07:45","modified_gmt":"2020-05-22T10:07:45","slug":"neues-in-kuerze-vom-osv-3","status":"publish","type":"post","link":"https:\/\/sw-osterfeine.de\/?p=26993","title":{"rendered":"Neues in K\u00fcrze vom OSV:"},"content":{"rendered":"\n<p><strong>\u00a0<\/strong><\/p>\n<p><strong>Dorferneuerung\/Parkplatz\/Kanalisation\/Stra\u00dfensanierung:<\/strong><\/p>\n<p><strong>Nach Auskunft der Stadt Damme sind nun die Arbeiten zur geplanten Sanierung der Stra\u00dfen und Parkpl\u00e4tze beim Sportplatz vergeben. Wann die Arbeiten beginnen werden, ist noch nicht terminiert. Abgeschlossen sein muss die Ma\u00dfnahme in diesem Jahr.<\/strong><\/p>\n<p><strong>Am 30.Juni endet die FSJ-Zeit von Luca Sarnowski. Ein Nachfolger f\u00fcr Luca konnte bis dato noch nicht gefunden werden.<\/strong><\/p>\n<p><strong>Saisonabbruch bei den Fu\u00dfballern: Nach l\u00e4ngeren Beratungen soll nun auch bei den Fu\u00dfballern in Niedersachsen die laufende Serie abgebrochen werden. Allerdings f\u00e4llt die definitive Entscheidung erst am 27.6.2020. Danach gibt es Aufsteiger, aber keine Absteiger.<\/strong><\/p>\n<p><strong>N\u00e4heres wird in den n\u00e4chsten Wochen ver\u00f6ffentlicht werden. Unsere Fu\u00dfballabteilung kann nun also auch die Vorbereitungen f\u00fcr die n\u00e4chste Serie in Angriff nehmen.<\/strong><\/p>\n<p><strong>Gut angelaufen sind f\u00fcr unsere Handballerinnen, Fu\u00dfballer und Fitnesssportler die ersten Trainingseinheiten nach den aktuellen Coronaregeln.\u00a0 Statt Taktiktafeln erschienen unsere Trainer nun mit Zollstock oder \u00e4hnlichen Abstandsmessern beim Training. Aber unsere Sportler haben sich schnell an die neuen Vorgaben gew\u00f6hnt und die Sportler k\u00f6nnen peu a peu wieder in ihren Sport zur\u00fcckkehren. Gl\u00fccklicherweise bieten die Rasen- und Beachpl\u00e4tze ausreichend M\u00f6glichkeiten, sich mit dem erforderlichen Abstand sportlich zu bet\u00e4tigen.<\/strong><\/p>\n<p><strong>Spieler unserer Dritten und Vierten haben in einer Arbeitseinsatzaktion den Sportplatz in R\u00fcschendorf ausgebessert, damit auch der Rasen in R\u00fcschendorf bald wieder von unseren Fu\u00dfballern genutzt werden kann. Ein sch\u00f6nes Dankesch\u00f6n an die Jungs der Dritten und Vierten f\u00fcr die tolle und vorbildliche Unterst\u00fctzung. Die Dritte und Vierte engagieren sich immer mehr vorbildlich im OSV!!!<\/strong><\/p>\n","protected":false},"excerpt":{"rendered":"<p>\u00a0 Dorferneuerung\/Parkplatz\/Kanalisation\/Stra\u00dfensanierung: Nach Auskunft der Stadt Damme sind nun die Arbeiten zur geplanten Sanierung der Stra\u00dfen und Parkpl\u00e4tze beim Sportplatz vergeben. Wann die Arbeiten beginnen werden, ist noch nicht terminiert. Abgeschlossen sein muss die Ma\u00dfnahme in diesem Jahr. Am 30.Juni endet die FSJ-Zeit von Luca Sarnowski. Ein Nachfolger f\u00fcr Luca konnte bis dato noch nicht [&hellip;]<\/p>\n","protected":false},"author":3,"featured_media":0,"comment_status":"closed","ping_status":"closed","sticky":false,"template":"","format":"standard","meta":{"footnotes":""},"categories":[37],"tags":[],"_links":{"self":[{"href":"https:\/\/sw-osterfeine.de\/index.php?rest_route=\/wp\/v2\/posts\/26993"}],"collection":[{"href":"https:\/\/sw-osterfeine.de\/index.php?rest_route=\/wp\/v2\/posts"}],"about":[{"href":"https:\/\/sw-osterfeine.de\/index.php?rest_route=\/wp\/v2\/types\/post"}],"author":[{"embeddable":true,"href":"https:\/\/sw-osterfeine.de\/index.php?rest_route=\/wp\/v2\/users\/3"}],"replies":[{"embeddable":true,"href":"https:\/\/sw-osterfeine.de\/index.php?rest_route=%2Fwp%2Fv2%2Fcomments&post=26993"}],"version-history":[{"count":1,"href":"https:\/\/sw-osterfeine.de\/index.php?rest_route=\/wp\/v2\/posts\/26993\/revisions"}],"predecessor-version":[{"id":26994,"href":"https:\/\/sw-osterfeine.de\/index.php?rest_route=\/wp\/v2\/posts\/26993\/revisions\/26994"}],"wp:attachment":[{"href":"https:\/\/sw-osterfeine.de\/index.php?rest_route=%2Fwp%2Fv2%2Fmedia&parent=26993"}],"wp:term":[{"taxonomy":"category","embeddable":true,"href":"https:\/\/sw-osterfeine.de\/index.php?rest_route=%2Fwp%2Fv2%2Fcategories&post=26993"},{"taxonomy":"post_tag","embeddable":true,"href":"https:\/\/sw-osterfeine.de\/index.php?rest_route=%2Fwp%2Fv2%2Ftags&post=26993"}],"curies":[{"name":"wp","href":"https:\/\/api.w.org\/{rel}","templated":true}]}}