{"id":26997,"date":"2020-05-25T08:29:10","date_gmt":"2020-05-25T06:29:10","guid":{"rendered":"https:\/\/sw-osterfeine.de\/?p=26997"},"modified":"2020-05-25T08:29:10","modified_gmt":"2020-05-25T06:29:10","slug":"saisonabbruch-besiegelt-aufstieg-der-a-jugend","status":"publish","type":"post","link":"https:\/\/sw-osterfeine.de\/?p=26997","title":{"rendered":"Saisonabbruch besiegelt Aufstieg der A-Jugend"},"content":{"rendered":"\n<p><strong>Parallel mit dem Abbruch der Fu\u00dfballserie 2019\/20<\/strong><\/p>\n<p><strong>geht ein toller und sensationeller Aufstieg unserer A-I-Fu\u00dfballjugend in die Bezirksliga einher. Als Tabellenf\u00fchrer der Kreisliga Vechta spielt sie nun in der kommenden Serie mit Mannschaften aus den Kreisen Vechta, Cloppenburg, Delmenhorst und Oldenburg-Land in einer Staffel. Allen Beteiligten gilt unser herzlicher Gl\u00fcckwunsch zu den tollen sportlichen Leistungen und zum Aufstieg. Ebenso wie die Jungs haben die Trainer Calli Hellebusch, Freddy Meyer und Bobby Hellebusch eine herausragende Serie hingelegt. Auch wenn die Jungs derzeit diese sch\u00f6ne Nachricht und somit den Aufstieg nicht gemeinsam feiern k\u00f6nnen, k\u00f6nnen wir erahnen, dass die Jungs bei erlaubter Gelegenheit eine rauschende Party hinlegen werden, haben sie doch auf dem Sportlerball als Mannschaft des Jahres eine \u00fcberragende Feiermentalit\u00e4t an den Tag bzw. in die Nacht gelegt!!<\/strong><\/p>\n<p><strong>\u00a0<\/strong><\/p>\n<p><strong>\u00a0\u00a0\u00a0\u00a0\u00a0\u00a0\u00a0\u00a0\u00a0\u00a0\u00a0\u00a0\u00a0\u00a0\u00a0\u00a0\u00a0\u00a0\u00a0\u00a0\u00a0\u00a0\u00a0\u00a0 <a href=\"https:\/\/sw-osterfeine.de\/wp-content\/uploads\/2019\/11\/IMG_4448.jpg\" data-rel=\"lightbox-image-0\" data-rl_title=\"\" data-rl_caption=\"\" title=\"\"><img loading=\"lazy\" decoding=\"async\" class=\"alignnone size-medium wp-image-26490\" src=\"https:\/\/sw-osterfeine.de\/wp-content\/uploads\/2019\/11\/IMG_4448-300x200.jpg\" alt=\"\" width=\"300\" height=\"200\" srcset=\"https:\/\/sw-osterfeine.de\/wp-content\/uploads\/2019\/11\/IMG_4448-300x200.jpg 300w, https:\/\/sw-osterfeine.de\/wp-content\/uploads\/2019\/11\/IMG_4448-768x512.jpg 768w, https:\/\/sw-osterfeine.de\/wp-content\/uploads\/2019\/11\/IMG_4448-1024x683.jpg 1024w\" sizes=\"(max-width: 300px) 100vw, 300px\" \/><\/a><br \/><\/strong><\/p>\n","protected":false},"excerpt":{"rendered":"<p>Parallel mit dem Abbruch der Fu\u00dfballserie 2019\/20 geht ein toller und sensationeller Aufstieg unserer A-I-Fu\u00dfballjugend in die Bezirksliga einher. Als Tabellenf\u00fchrer der Kreisliga Vechta spielt sie nun in der kommenden Serie mit Mannschaften aus den Kreisen Vechta, Cloppenburg, Delmenhorst und Oldenburg-Land in einer Staffel. Allen Beteiligten gilt unser herzlicher Gl\u00fcckwunsch zu den tollen sportlichen Leistungen [&hellip;]<\/p>\n","protected":false},"author":3,"featured_media":0,"comment_status":"closed","ping_status":"closed","sticky":false,"template":"","format":"standard","meta":{"footnotes":""},"categories":[3],"tags":[],"_links":{"self":[{"href":"https:\/\/sw-osterfeine.de\/index.php?rest_route=\/wp\/v2\/posts\/26997"}],"collection":[{"href":"https:\/\/sw-osterfeine.de\/index.php?rest_route=\/wp\/v2\/posts"}],"about":[{"href":"https:\/\/sw-osterfeine.de\/index.php?rest_route=\/wp\/v2\/types\/post"}],"author":[{"embeddable":true,"href":"https:\/\/sw-osterfeine.de\/index.php?rest_route=\/wp\/v2\/users\/3"}],"replies":[{"embeddable":true,"href":"https:\/\/sw-osterfeine.de\/index.php?rest_route=%2Fwp%2Fv2%2Fcomments&post=26997"}],"version-history":[{"count":1,"href":"https:\/\/sw-osterfeine.de\/index.php?rest_route=\/wp\/v2\/posts\/26997\/revisions"}],"predecessor-version":[{"id":26998,"href":"https:\/\/sw-osterfeine.de\/index.php?rest_route=\/wp\/v2\/posts\/26997\/revisions\/26998"}],"wp:attachment":[{"href":"https:\/\/sw-osterfeine.de\/index.php?rest_route=%2Fwp%2Fv2%2Fmedia&parent=26997"}],"wp:term":[{"taxonomy":"category","embeddable":true,"href":"https:\/\/sw-osterfeine.de\/index.php?rest_route=%2Fwp%2Fv2%2Fcategories&post=26997"},{"taxonomy":"post_tag","embeddable":true,"href":"https:\/\/sw-osterfeine.de\/index.php?rest_route=%2Fwp%2Fv2%2Ftags&post=26997"}],"curies":[{"name":"wp","href":"https:\/\/api.w.org\/{rel}","templated":true}]}}