{"id":27034,"date":"2020-06-29T08:05:38","date_gmt":"2020-06-29T06:05:38","guid":{"rendered":"https:\/\/sw-osterfeine.de\/?p=27034"},"modified":"2020-06-29T08:05:38","modified_gmt":"2020-06-29T06:05:38","slug":"neues-vom-osv-neues-vom-osv-3","status":"publish","type":"post","link":"https:\/\/sw-osterfeine.de\/?p=27034","title":{"rendered":"Neues vom OSV!!! Neues vom OSV!!!"},"content":{"rendered":"\n<p>\u00a0<\/p>\n<p><strong><em><u>Ferienbetreuung f\u00e4llt aus:<\/u><\/em><\/strong><strong> Die Boge-Ferienbetreuung f\u00e4llt in diesen Sommerferien aufgrund der Coronaregeln leider aus. Gerne h\u00e4tte der OSV auch in diesen Sommerferien ein abwechslungsreiches Programm f\u00fcr unsere Kinder im Grundschulalter angeboten, aber die Abstandsregeln usw. lassen ein angemessenes Sportangebot nicht zu. Wir hoffen, in den Herbstferien wieder in bew\u00e4hrter Form f\u00fcr unsere Kinder da sein zu k\u00f6nnen.<\/strong><\/p>\n<p><strong><em><u>Danke Luca:<\/u><\/em><\/strong><strong> Am kommenden Dienstag beendet unser FSJler Luca Sarnowski sein FSJ beim Sportverein SW Osterfeine. Der OSV bedankt sich ganz herzlich bei Luca f\u00fcr die vergangenen 12 Monate Vereinsarbeit bei Schwarz-Wei\u00df, wobei gerade die letzten Monate durch die Coronapandemie sicherlich au\u00dfergew\u00f6hnlich waren. Wir w\u00fcnschen Luca f\u00fcr seinen weiteren privaten und beruflichen Weg alles erdenklich Gute, und freuen uns auf viele Tore f\u00fcr SW Osterfeine IV durch unseren Mittelst\u00fcrmer Luca Sarnowski.<\/strong><\/p>\n<p><strong><em><u>Gymnastikraum geschlossen:<\/u><\/em><\/strong><strong> Durch einen Rohrbruch im Fu\u00dfboden unseres Gymnastikraumes kann der Raum leider f\u00fcr einige Woche nicht genutzt werden. Abteilungsleiter David Wadulla sorgt aber f\u00fcr Ausweichm\u00f6glichkeiten, damit das Sportangebot unver\u00e4ndert fortgef\u00fchrt werden kann.<\/strong><\/p>\n<p><strong><em><u>Sporthall R\u00fcschendorf in Sommerferien ge\u00f6ffnet:<\/u><\/em><\/strong><\/p>\n<p><strong>In diesen Sommerferien kann das Kursangebot unseres Sportvereines auch in den Sommerferien in der Sporthalle R\u00fcschendorf wahrgenommen werden. Damit nach der Coronapause in den Ferien nicht schon wieder das Sportangebot ausf\u00e4llt, stellt die Stadt Damme in diesem Jahr auch in den Ferien die Halle f\u00fcr den Sportbetrieb zur Verf\u00fcgung. Vielen Dank daf\u00fcr!<\/strong><\/p>\n","protected":false},"excerpt":{"rendered":"<p>\u00a0 Ferienbetreuung f\u00e4llt aus: Die Boge-Ferienbetreuung f\u00e4llt in diesen Sommerferien aufgrund der Coronaregeln leider aus. Gerne h\u00e4tte der OSV auch in diesen Sommerferien ein abwechslungsreiches Programm f\u00fcr unsere Kinder im Grundschulalter angeboten, aber die Abstandsregeln usw. lassen ein angemessenes Sportangebot nicht zu. Wir hoffen, in den Herbstferien wieder in bew\u00e4hrter Form f\u00fcr unsere Kinder da [&hellip;]<\/p>\n","protected":false},"author":3,"featured_media":0,"comment_status":"closed","ping_status":"closed","sticky":false,"template":"","format":"standard","meta":{"footnotes":""},"categories":[37],"tags":[],"_links":{"self":[{"href":"https:\/\/sw-osterfeine.de\/index.php?rest_route=\/wp\/v2\/posts\/27034"}],"collection":[{"href":"https:\/\/sw-osterfeine.de\/index.php?rest_route=\/wp\/v2\/posts"}],"about":[{"href":"https:\/\/sw-osterfeine.de\/index.php?rest_route=\/wp\/v2\/types\/post"}],"author":[{"embeddable":true,"href":"https:\/\/sw-osterfeine.de\/index.php?rest_route=\/wp\/v2\/users\/3"}],"replies":[{"embeddable":true,"href":"https:\/\/sw-osterfeine.de\/index.php?rest_route=%2Fwp%2Fv2%2Fcomments&post=27034"}],"version-history":[{"count":1,"href":"https:\/\/sw-osterfeine.de\/index.php?rest_route=\/wp\/v2\/posts\/27034\/revisions"}],"predecessor-version":[{"id":27035,"href":"https:\/\/sw-osterfeine.de\/index.php?rest_route=\/wp\/v2\/posts\/27034\/revisions\/27035"}],"wp:attachment":[{"href":"https:\/\/sw-osterfeine.de\/index.php?rest_route=%2Fwp%2Fv2%2Fmedia&parent=27034"}],"wp:term":[{"taxonomy":"category","embeddable":true,"href":"https:\/\/sw-osterfeine.de\/index.php?rest_route=%2Fwp%2Fv2%2Fcategories&post=27034"},{"taxonomy":"post_tag","embeddable":true,"href":"https:\/\/sw-osterfeine.de\/index.php?rest_route=%2Fwp%2Fv2%2Ftags&post=27034"}],"curies":[{"name":"wp","href":"https:\/\/api.w.org\/{rel}","templated":true}]}}