{"id":27054,"date":"2020-07-07T10:50:43","date_gmt":"2020-07-07T08:50:43","guid":{"rendered":"https:\/\/sw-osterfeine.de\/?p=27054"},"modified":"2020-07-07T10:50:43","modified_gmt":"2020-07-07T08:50:43","slug":"3-und-4-herren-erwartungen-nicht-erfuellt-coach-p-tritt-zurueck","status":"publish","type":"post","link":"https:\/\/sw-osterfeine.de\/?p=27054","title":{"rendered":"3. und 4. Herren: Erwartungen nicht erf\u00fcllt &#8211; &#8222;Coach P&#8220; tritt zur\u00fcck"},"content":{"rendered":"\n\n\n<p>\u201eAm Ende des Tages steht die Erkenntnis, dass das ausgegebene Saisonziel weit verpasst wurde.\u201c Mit diesen Worten verk\u00fcndete Trainer Jan-Bernd Pohlschneider der III. Herren, dass er seine Drohung zum Saisonbeginn (\u201eWenn wir nicht aufsteigen trete ich zur\u00fcck!\u201c) am Ende dieser Serie wahr machen wird. Trotz des hohen Potenzials der Mannschaft gelang es ihm nicht das Team in der coronabedingt verk\u00fcrzten Saison in Richtung Tabellenspitze zu f\u00fchren.<\/p>\n<p>Trotz einer in vielen F\u00e4llen guten Spielanlage fand sich die III. Herren stattdessen tief in der unteren Tabellenh\u00e4lfte wieder (Platz 11). Obwohl diese unbefriedigende Situation sicherlich in den ausstehenden Spielen noch ein wenig korrigiert worden w\u00e4re sah der Trainer einen F\u00fchrungswechsel zur neuen Saison als notwendig an. \u201eDie Spieler haben es verdient bei ihren legend\u00e4ren Kabinenpartys nicht nur ihren gro\u00dfartigen Zusammenhalt, sondern auch Siege feiern zu d\u00fcrfen\u201c, so Pohlschneider \u201eund diese M\u00f6glichkeit haben sie mit dem neuen Trainerteam.\u201c<\/p>\n<p>Nach intensiven Verhandlungen \u00fcbernimmt nun ein Coaching Staff, der seinesgleichen sucht. Mit D\u00fcmmerlauf-Legende Julian \u201eHeyiihh\u201c Heye-Enneking, sowie Legenden-Legende und Ausnahmek\u00f6nner Felix \u201eHacki\u201c gr. Hackmann ist der Erfolg vorprogrammiert. \u201ePohler ist ein Lappen\u2026 jetzt greifen die Profis an\u201c gibt sich Heye-Enneking k\u00e4mpferisch und gr. Hackmann f\u00fcgt staatsm\u00e4nnisch an \u201etaktisch wollen wir wieder das gepflegte \u201aHacki, Spitze, 1, 2, 3\u2018 etablieren\u201c.<\/p>\n<p>Die Vorbereitung und Durchf\u00fchrung von Trainingseinheiten wird wie bisher zu gro\u00dfen Teilen der Coach der IV. Herren, Michael \u201eRatze\u201c Riesenbeck \u00fcbernehmen. Dabei wird er auch auf Unterst\u00fctzung aus der Mannschaft z\u00e4hlen k\u00f6nnen, da sich bereits Spieler f\u00fcr die Planung einzelner Trainingseinheiten gemeldet haben.<\/p>\n<p>Pohlschneider m\u00f6chte indes seine Karriere noch nicht ganz an den Nagel h\u00e4ngen. \u201eEs wird in absehbarer Zeit Neuigkeiten geben\u201c, deutet er ein neues Engagement an, das seine Trainerlaufbahn neu beleben soll. \u201eEs ist ja bekannt, dass ich einen relativ guten Draht zu Bubble habe. Der wird schon eine Mannschaft finden, die er mit mir bestrafen kann.\u201c F\u00fcgt er mit einem Augenzwinkern hinzu.<\/p>\n<p>Vor ca. 4 Jahren war es die B-Jugend, die dieses Schicksal traf. Ein Teil dieser Spieler ist im letzten Jahr in die Herrenmannschaften aufger\u00fcckt, ein weiterer folgt zum Saisonwechsel. So viel sei verraten\u2026 Zumindest diese Spieler bleiben vorerst von einem Wiedersehen mit ihrem alten Coach verschont\u2026<\/p>\n<p>Mit sportlichen Gr\u00fc\u00dfen<\/p>\n<p>Coach P<\/p>\n<p>Nachtrag: Ich hoffe mit diesem \u201eBericht\u201c dem einen oder anderen Leser ein paar Lacher entlocken zu k\u00f6nnen. Wie auch w\u00e4hrend der Saison habe ich versucht die reinen Informationen mit etwas Humor zu versehen.<\/p>\n<p>Ich werde auch weiterhin das Trainerteam nach Kr\u00e4ften unterst\u00fctzen und m\u00f6chte mich an dieser Stelle sowohl bei der Mannschaft, als auch beim Verein f\u00fcr ein Jahr pure Unterst\u00fctzung bedanken. Ganz besonders nat\u00fcrlich bei Michael \u201eRatze\u201c Riesenbeck und Matthias \u201eMoto\u201c Pohlschneider, die nach wie vor als Trainer und Betreuer im \u201eGesamtkonstrukt\u201c III.\/IV. Herren aktiv bleiben werden.<\/p>\n<p>Noch mehr Dank schulde ich meinem Co-Trainer\/Betreuer\/sportlichen Leiter\/Teammanager\/M\u00e4dchen f\u00fcr absolut alles Christian \u201eSkippy\u201c Wehri, dem man f\u00fcr sein jahrelanges Engagement rund um die III. und IV. Herren gar nicht genug danken kann und der ebenfalls zum Saisonende diese Aufgaben abgeben wird. Ich denke ich spreche im Namen des gesamten Vereins, wenn ich sage, dass das Projekt III.\/IV. Herren ohne Skippy nicht einmal ansatzweise die Erfolgsgeschichte geworden w\u00e4re, die es aus unserer Sicht darstellt. F\u00fcr deine herausragende Arbeit m\u00f6chte ich dir stellvertretend f\u00fcr unsere Mannschaft und den gesamten Verein sagen<\/p>\n<p><strong>Danke Skippy!!!<\/strong><\/p>\n","protected":false},"excerpt":{"rendered":"<p>\u201eAm Ende des Tages steht die Erkenntnis, dass das ausgegebene Saisonziel weit verpasst wurde.\u201c Mit diesen Worten verk\u00fcndete Trainer Jan-Bernd Pohlschneider der III. Herren, dass er seine Drohung zum Saisonbeginn (\u201eWenn wir nicht aufsteigen trete ich zur\u00fcck!\u201c) am Ende dieser Serie wahr machen wird. Trotz des hohen Potenzials der Mannschaft gelang es ihm nicht das [&hellip;]<\/p>\n","protected":false},"author":3,"featured_media":0,"comment_status":"closed","ping_status":"closed","sticky":false,"template":"","format":"standard","meta":{"footnotes":""},"categories":[3],"tags":[],"_links":{"self":[{"href":"https:\/\/sw-osterfeine.de\/index.php?rest_route=\/wp\/v2\/posts\/27054"}],"collection":[{"href":"https:\/\/sw-osterfeine.de\/index.php?rest_route=\/wp\/v2\/posts"}],"about":[{"href":"https:\/\/sw-osterfeine.de\/index.php?rest_route=\/wp\/v2\/types\/post"}],"author":[{"embeddable":true,"href":"https:\/\/sw-osterfeine.de\/index.php?rest_route=\/wp\/v2\/users\/3"}],"replies":[{"embeddable":true,"href":"https:\/\/sw-osterfeine.de\/index.php?rest_route=%2Fwp%2Fv2%2Fcomments&post=27054"}],"version-history":[{"count":3,"href":"https:\/\/sw-osterfeine.de\/index.php?rest_route=\/wp\/v2\/posts\/27054\/revisions"}],"predecessor-version":[{"id":27057,"href":"https:\/\/sw-osterfeine.de\/index.php?rest_route=\/wp\/v2\/posts\/27054\/revisions\/27057"}],"wp:attachment":[{"href":"https:\/\/sw-osterfeine.de\/index.php?rest_route=%2Fwp%2Fv2%2Fmedia&parent=27054"}],"wp:term":[{"taxonomy":"category","embeddable":true,"href":"https:\/\/sw-osterfeine.de\/index.php?rest_route=%2Fwp%2Fv2%2Fcategories&post=27054"},{"taxonomy":"post_tag","embeddable":true,"href":"https:\/\/sw-osterfeine.de\/index.php?rest_route=%2Fwp%2Fv2%2Ftags&post=27054"}],"curies":[{"name":"wp","href":"https:\/\/api.w.org\/{rel}","templated":true}]}}