{"id":27058,"date":"2020-07-08T11:24:41","date_gmt":"2020-07-08T09:24:41","guid":{"rendered":"https:\/\/sw-osterfeine.de\/?p=27058"},"modified":"2020-07-13T10:21:12","modified_gmt":"2020-07-13T08:21:12","slug":"fitness-und-gesundheitsabteilung-sommerferien-2020","status":"publish","type":"post","link":"https:\/\/sw-osterfeine.de\/?p=27058","title":{"rendered":"Fitness- und Gesundheitsabteilung: Sommerferien 2020"},"content":{"rendered":"\n<div>\n<div>\n<div>\n<div>\n<div>\n<div>\n<div>\n<div>Da die Sommerferien vor der T\u00fcr stehen wird auch in der Fitness- und Gesundheitsabteilung vom OSV der ein oder andere Kurs f\u00fcr den Zeitraum vom 16.07. bis zum 26.08.20 nicht stattfinden.<\/div>\n<\/div>\n<div>\u00a0<\/div>\n<div>Folgende Kurse legen eine Sommerpause ein:<\/div>\n<\/div>\n<div>\u00a0<\/div>\n<div>&#8211; Yoga<\/div>\n&#8211; Seniorenfitness in R\u00fcschendorf<\/div>\n&#8211; Kinderfitness 5-7 Jahre<\/div>\n&#8211; HipHop\/ Jazz ab 5. Schuljahr<\/div>\n&#8211; Kinderfitness 3-4 Jahre<\/div>\n&#8211; Frauenfitness<\/div>\n<div><br \/><strong>Alle anderen Kurse laufen wie gewohnt weiter, allerdings kann es zu zeitlichen \u00c4nderungen aufgrund der freien R\u00e4umlichkeiten kommen. Eure Trainer und \u00dcbungsleiter werden Euch wieder fr\u00fchzeitig informieren.<\/strong><\/div>\n","protected":false},"excerpt":{"rendered":"<p>Da die Sommerferien vor der T\u00fcr stehen wird auch in der Fitness- und Gesundheitsabteilung vom OSV der ein oder andere Kurs f\u00fcr den Zeitraum vom 16.07. bis zum 26.08.20 nicht stattfinden. \u00a0 Folgende Kurse legen eine Sommerpause ein: \u00a0 &#8211; Yoga &#8211; Seniorenfitness in R\u00fcschendorf &#8211; Kinderfitness 5-7 Jahre &#8211; HipHop\/ Jazz ab 5. Schuljahr [&hellip;]<\/p>\n","protected":false},"author":3,"featured_media":0,"comment_status":"closed","ping_status":"closed","sticky":false,"template":"","format":"standard","meta":{"footnotes":""},"categories":[42],"tags":[],"_links":{"self":[{"href":"https:\/\/sw-osterfeine.de\/index.php?rest_route=\/wp\/v2\/posts\/27058"}],"collection":[{"href":"https:\/\/sw-osterfeine.de\/index.php?rest_route=\/wp\/v2\/posts"}],"about":[{"href":"https:\/\/sw-osterfeine.de\/index.php?rest_route=\/wp\/v2\/types\/post"}],"author":[{"embeddable":true,"href":"https:\/\/sw-osterfeine.de\/index.php?rest_route=\/wp\/v2\/users\/3"}],"replies":[{"embeddable":true,"href":"https:\/\/sw-osterfeine.de\/index.php?rest_route=%2Fwp%2Fv2%2Fcomments&post=27058"}],"version-history":[{"count":2,"href":"https:\/\/sw-osterfeine.de\/index.php?rest_route=\/wp\/v2\/posts\/27058\/revisions"}],"predecessor-version":[{"id":27060,"href":"https:\/\/sw-osterfeine.de\/index.php?rest_route=\/wp\/v2\/posts\/27058\/revisions\/27060"}],"wp:attachment":[{"href":"https:\/\/sw-osterfeine.de\/index.php?rest_route=%2Fwp%2Fv2%2Fmedia&parent=27058"}],"wp:term":[{"taxonomy":"category","embeddable":true,"href":"https:\/\/sw-osterfeine.de\/index.php?rest_route=%2Fwp%2Fv2%2Fcategories&post=27058"},{"taxonomy":"post_tag","embeddable":true,"href":"https:\/\/sw-osterfeine.de\/index.php?rest_route=%2Fwp%2Fv2%2Ftags&post=27058"}],"curies":[{"name":"wp","href":"https:\/\/api.w.org\/{rel}","templated":true}]}}