{"id":27236,"date":"2020-09-02T07:21:02","date_gmt":"2020-09-02T05:21:02","guid":{"rendered":"https:\/\/sw-osterfeine.de\/?p=27236"},"modified":"2020-09-02T07:21:02","modified_gmt":"2020-09-02T05:21:02","slug":"lauftreff-ausfall-duemmerlauf-2020","status":"publish","type":"post","link":"https:\/\/sw-osterfeine.de\/?p=27236","title":{"rendered":"Lauftreff: Ausfall D\u00fcmmerlauf 2020"},"content":{"rendered":"\n<p>Liebe Sportbegeisterte,<\/p>\n<p>auch der Lauftreff muss seinen D\u00fcmmerlauf in diesem Jahr leider absagen. Es ist f\u00fcr uns nicht m\u00f6glich einen Volkslauf unter Einhaltung der aktuellen Corona-Regeln durchzuf\u00fchren. Wir bitten um Verst\u00e4ndnis und hoffen auf einen D\u00fcmmerlauf 2021.<\/p>\n<p>Lauftreff SW Osterfeine<\/p>\n<p><a href=\"https:\/\/sw-osterfeine.de\/wp-content\/uploads\/2020\/09\/Unbenannt.jpg\" data-rel=\"lightbox-image-0\" data-rl_title=\"\" data-rl_caption=\"\" title=\"\"><img loading=\"lazy\" decoding=\"async\" class=\"alignnone size-full wp-image-27237\" src=\"https:\/\/sw-osterfeine.de\/wp-content\/uploads\/2020\/09\/Unbenannt.jpg\" alt=\"\" width=\"312\" height=\"444\" srcset=\"https:\/\/sw-osterfeine.de\/wp-content\/uploads\/2020\/09\/Unbenannt.jpg 312w, https:\/\/sw-osterfeine.de\/wp-content\/uploads\/2020\/09\/Unbenannt-211x300.jpg 211w\" sizes=\"(max-width: 312px) 100vw, 312px\" \/><\/a><\/p>\n","protected":false},"excerpt":{"rendered":"<p>Liebe Sportbegeisterte, auch der Lauftreff muss seinen D\u00fcmmerlauf in diesem Jahr leider absagen. Es ist f\u00fcr uns nicht m\u00f6glich einen Volkslauf unter Einhaltung der aktuellen Corona-Regeln durchzuf\u00fchren. Wir bitten um Verst\u00e4ndnis und hoffen auf einen D\u00fcmmerlauf 2021. Lauftreff SW Osterfeine<\/p>\n","protected":false},"author":3,"featured_media":0,"comment_status":"closed","ping_status":"closed","sticky":false,"template":"","format":"standard","meta":{"footnotes":""},"categories":[38],"tags":[],"_links":{"self":[{"href":"https:\/\/sw-osterfeine.de\/index.php?rest_route=\/wp\/v2\/posts\/27236"}],"collection":[{"href":"https:\/\/sw-osterfeine.de\/index.php?rest_route=\/wp\/v2\/posts"}],"about":[{"href":"https:\/\/sw-osterfeine.de\/index.php?rest_route=\/wp\/v2\/types\/post"}],"author":[{"embeddable":true,"href":"https:\/\/sw-osterfeine.de\/index.php?rest_route=\/wp\/v2\/users\/3"}],"replies":[{"embeddable":true,"href":"https:\/\/sw-osterfeine.de\/index.php?rest_route=%2Fwp%2Fv2%2Fcomments&post=27236"}],"version-history":[{"count":1,"href":"https:\/\/sw-osterfeine.de\/index.php?rest_route=\/wp\/v2\/posts\/27236\/revisions"}],"predecessor-version":[{"id":27238,"href":"https:\/\/sw-osterfeine.de\/index.php?rest_route=\/wp\/v2\/posts\/27236\/revisions\/27238"}],"wp:attachment":[{"href":"https:\/\/sw-osterfeine.de\/index.php?rest_route=%2Fwp%2Fv2%2Fmedia&parent=27236"}],"wp:term":[{"taxonomy":"category","embeddable":true,"href":"https:\/\/sw-osterfeine.de\/index.php?rest_route=%2Fwp%2Fv2%2Fcategories&post=27236"},{"taxonomy":"post_tag","embeddable":true,"href":"https:\/\/sw-osterfeine.de\/index.php?rest_route=%2Fwp%2Fv2%2Ftags&post=27236"}],"curies":[{"name":"wp","href":"https:\/\/api.w.org\/{rel}","templated":true}]}}