{"id":27247,"date":"2020-09-04T08:45:33","date_gmt":"2020-09-04T06:45:33","guid":{"rendered":"https:\/\/sw-osterfeine.de\/?p=27247"},"modified":"2020-09-04T08:45:33","modified_gmt":"2020-09-04T06:45:33","slug":"fussball-1-c-jugend-vorbereitung-auf-die-neue-saison","status":"publish","type":"post","link":"https:\/\/sw-osterfeine.de\/?p=27247","title":{"rendered":"Fu\u00dfball 1. C-Jugend: Vorbereitung auf die neue Saison"},"content":{"rendered":"\n<p>Nachdem wir das letzte Punktspiel im Oktober letzten Jahres absolviert haben, brennen wir alle wieder darauf, am kommenden Samstag, den 12.09. um 15:30 Uhr in Osterfeine das erste Pflichtspiel seit der Corona-Zwangspause zu absolvieren. Nach einer insgesamt guten Vorbereitung mit drei Trainingseinheiten in der Woche und f\u00fcnf Testspielen hoffen wir, dass wir gegen SFN Vechta einen guten Start in die Kreisligasaison hinlegen und so den ersten Schritt zur Qualifikation f\u00fcr die Endrunde im Fr\u00fchjahr 2021 machen.<\/p>\n<p>Unsere Mannschaft hat sich im Vergleich zur letzten Saison verh\u00e4ltnism\u00e4\u00dfig wenig ver\u00e4ndert. Mit zehn Jungs aus dem 2006er Jahrgang ist uns der Gro\u00dfteil der Truppe erhalten geblieben. Dazu kamen mit Mathis Herfert, Arne Jacob, Jannis Otte drei Jungs aus der D-Jugend. Ebenfalls neu dabei ist Lukas Dalinghaus, der aus der 2.C zu uns kam. Leider hat sich Arne in der ersten Trainingswoche schon den Arm gebrochen und war somit erstmal zum Aussetzen gezwungen. Letzte Woche hat er zum ersten Mal wieder trainiert und beim Testspiel gegen Stemwede eine Halbzeit gespielt. Arne hat sich in der Zwangspause durch Laufen fit gehalten &#8211; das konnte man merken &#8211; und er hat sofort eine gute Leistung gezeigt! Die neuen Jungs haben sich alle super ins Team eingef\u00fcgt, haben sich schnell an das Spiel auf dem gro\u00dfen Platz im 11 gegen 11 gew\u00f6hnt und sofort gezeigt, dass sie super Fu\u00dfballer sind, mit denen es Spa\u00df macht zu arbeiten. Dies gilt jedoch auch genau so f\u00fcr den Rest der Mannschaft! Die Trainingsbeteiligung ist super, die Trainingseinstellung in der Regel auch! Man merkt den Jungs an, dass alle Bock auf Fu\u00dfball haben und sehr lernwillig sind. Schon in den letzten Testspielen konnte man von Woche zu Woche sehen, dass die Jungs sich gesteigert haben.<\/p>\n<p>Der erste Test ging gegen den ambitionierten Bezirksligisten RW Damme mit 0:3 verloren. Trotz der drei Gegentore zeigten die Jungs eine gute Defensivleistung und erarbeiteten sich auch einige Torchancen.<\/p>\n<p>Die n\u00e4chsten beiden Tests fanden gegen zwei weitere Bezirksligisten aus dem Kreis Vechta statt. Einem 3:3 gegen die SG Neuenkirchen\/V\u00f6rden folgte ein 4:1 Sieg gegen die SG Steinfeld\/M\u00fchlen. Das Spiel gegen Neuenkirchen\/V\u00f6rden geh\u00f6rte nicht zu unseren besten Leistungen. Wenig Konsequenz im Passspiel und in den Zweik\u00e4mpfen sowie im Torabschluss f\u00fchrten dazu, dass wir unn\u00f6tige Gegentore bekamen und vorne unsere Chancen nicht nutzten. Im n\u00e4chsten Test gegen Steinfeld\/M\u00fchlen wollten es die Jungs dann besser machen und das taten sie auch! Mit einer kontrollierten Spielweise, viel Ballbesitz und sch\u00f6n herausgespielten Toren und Torchancen gewannen wir das Spiel verdient. Ein Sonderlob geht hier an unseren Linksau\u00dfen Henry \u201eHarry\u201c Nordmann, der drei Tore erzielte und ein starkes Spiel machte.<\/p>\n<p>Am vergangenen Sonntag folgte dann ein weiterer Test gegen die JSG Stemweder Berg, die in der Kreisliga Diepholz aktiv ist. Dieses gewannen wir letztlich verdient mit 5:2. Zwei Traumtore von Tom Neteler und Mattes Glandorf rundeten das Spiel sehr sch\u00f6n ab.<\/p>\n<p>Mit einem guten Gef\u00fchl und einem positiven Ergebnis beendeten wir den letzten Test am Donnerstag. Gegen den Bezirksligisten JFV Rehden\/Wetschen\/Diepholz holten wir einen verdienten 4:3 Sieg, bei dem schon vieles sehr gut klappte. Arne Jacob traf in seinem zweiten Spiel nach dem Armbruch zum Siegtreffer, nachdem Tom Neteler (2x) und Benni Olberding die ersten drei Tore erzielten.<\/p>\n<p>Bis zum Ligastart m\u00fcssen wir noch daran arbeiten den Ball im Mittelfeld nicht zu leicht herzuschenken, von der ersten bis zur letzten Minute konsequent ohne Nachl\u00e4ssigkeiten durchzuspielen und vor allem vor dem Tor ein bisschen kaltschn\u00e4uziger zu werden. Ansonsten sieht schon vieles sehr gut aus und macht Freude auf die bevorstehende Saison, in der das Ziel erst einmal ist unter die ersten 5 zu kommen, um sich f\u00fcr die Endrunde zu qualifizieren!<\/p>\n<p>Wir freuen uns auf die Saison und haben bei den Jungs ein gutes Gef\u00fchl! Der kleine Kader mit 14 Mann h\u00e4lt super zusammen und so muss es auch sein! Es macht unheimlich Spa\u00df und wir hoffen, dass der Spa\u00df durch den ein oder anderen Sieg in der Saison nochmal gesteigert werden kann!<\/p>\n<p>Mit sportlichen Gr\u00fc\u00dfen<\/p>\n<p>Felix, Taka, Lukas und Freddy<\/p>\n\n\t\t<style type=\"text\/css\">\n\t\t\t#gallery-1 {\n\t\t\t\tmargin: auto;\n\t\t\t}\n\t\t\t#gallery-1 .gallery-item {\n\t\t\t\tfloat: left;\n\t\t\t\tmargin-top: 10px;\n\t\t\t\ttext-align: center;\n\t\t\t\twidth: 33%;\n\t\t\t}\n\t\t\t#gallery-1 img {\n\t\t\t\tborder: 2px solid #cfcfcf;\n\t\t\t}\n\t\t\t#gallery-1 .gallery-caption {\n\t\t\t\tmargin-left: 0;\n\t\t\t}\n\t\t\t\/* see gallery_shortcode() in wp-includes\/media.php *\/\n\t\t<\/style>\n\t\t<div id='gallery-1' class='gallery galleryid-27247 gallery-columns-3 gallery-size-thumbnail'><dl class='gallery-item'>\n\t\t\t<dt class='gallery-icon landscape'>\n\t\t\t\t<a href='https:\/\/sw-osterfeine.de\/wp-content\/uploads\/2020\/09\/C-Jugend.jpg' title=\"\" data-rl_title=\"\" class=\"rl-gallery-link\" data-rl_caption=\"\" data-rel=\"lightbox-gallery-1\"><img loading=\"lazy\" decoding=\"async\" width=\"150\" height=\"150\" src=\"https:\/\/sw-osterfeine.de\/wp-content\/uploads\/2020\/09\/C-Jugend-150x150.jpg\" class=\"attachment-thumbnail size-thumbnail\" alt=\"\" \/><\/a>\n\t\t\t<\/dt><\/dl>\n\t\t\t<br style='clear: both' \/>\n\t\t<\/div>\n\n<p>\u00a0<\/p>\n<p>Obere Reihe v.L.n.R: Benjamin Olberding, Mathis Herfert, Henry Nordmann, Mattes Glandorf, Noah Kramer<\/p>\n<p>Mittlere Reihe v.L.n.R: Alexander Bergmann (Trainer), Lukas Dalinghaus, Arne Jacob, Felix Piening (Trainer), Moritz Otte, Anton Borgerding, Lukas Decker (Trainer)<\/p>\n<p>Untere Reihe v.L.n.R: Jannis Otte, Johann Brokamp, Moritz Sonnen, Tim Fischer, Tom Neteler<\/p>\n<p>Es fehlt: Freddy Lampe (Betreuer)<\/p>\n","protected":false},"excerpt":{"rendered":"<p>Nachdem wir das letzte Punktspiel im Oktober letzten Jahres absolviert haben, brennen wir alle wieder darauf, am kommenden Samstag, den 12.09. um 15:30 Uhr in Osterfeine das erste Pflichtspiel seit der Corona-Zwangspause zu absolvieren. Nach einer insgesamt guten Vorbereitung mit drei Trainingseinheiten in der Woche und f\u00fcnf Testspielen hoffen wir, dass wir gegen SFN Vechta [&hellip;]<\/p>\n","protected":false},"author":3,"featured_media":0,"comment_status":"closed","ping_status":"closed","sticky":false,"template":"","format":"standard","meta":{"footnotes":""},"categories":[3],"tags":[],"_links":{"self":[{"href":"https:\/\/sw-osterfeine.de\/index.php?rest_route=\/wp\/v2\/posts\/27247"}],"collection":[{"href":"https:\/\/sw-osterfeine.de\/index.php?rest_route=\/wp\/v2\/posts"}],"about":[{"href":"https:\/\/sw-osterfeine.de\/index.php?rest_route=\/wp\/v2\/types\/post"}],"author":[{"embeddable":true,"href":"https:\/\/sw-osterfeine.de\/index.php?rest_route=\/wp\/v2\/users\/3"}],"replies":[{"embeddable":true,"href":"https:\/\/sw-osterfeine.de\/index.php?rest_route=%2Fwp%2Fv2%2Fcomments&post=27247"}],"version-history":[{"count":2,"href":"https:\/\/sw-osterfeine.de\/index.php?rest_route=\/wp\/v2\/posts\/27247\/revisions"}],"predecessor-version":[{"id":27250,"href":"https:\/\/sw-osterfeine.de\/index.php?rest_route=\/wp\/v2\/posts\/27247\/revisions\/27250"}],"wp:attachment":[{"href":"https:\/\/sw-osterfeine.de\/index.php?rest_route=%2Fwp%2Fv2%2Fmedia&parent=27247"}],"wp:term":[{"taxonomy":"category","embeddable":true,"href":"https:\/\/sw-osterfeine.de\/index.php?rest_route=%2Fwp%2Fv2%2Fcategories&post=27247"},{"taxonomy":"post_tag","embeddable":true,"href":"https:\/\/sw-osterfeine.de\/index.php?rest_route=%2Fwp%2Fv2%2Ftags&post=27247"}],"curies":[{"name":"wp","href":"https:\/\/api.w.org\/{rel}","templated":true}]}}