{"id":27251,"date":"2020-09-04T14:03:47","date_gmt":"2020-09-04T12:03:47","guid":{"rendered":"https:\/\/sw-osterfeine.de\/?p=27251"},"modified":"2020-09-04T14:03:47","modified_gmt":"2020-09-04T12:03:47","slug":"osv-legenden-im-rueckspiegel-heute-bernhard-kettler","status":"publish","type":"post","link":"https:\/\/sw-osterfeine.de\/?p=27251","title":{"rendered":"OSV-Legenden im R\u00fcckspiegel: Heute BERNHARD KETTLER"},"content":{"rendered":"\n<p>Unter der Rubrik &#8222;OSV-Legenden im R\u00fcckspiegel&#8220; werden wir in den kommenden Wochen und Monaten regelm\u00e4\u00dfig ein Vereinsmitglied vorstellen, welches in der Vergangenheit durch tolle sportliche Leistungen f\u00fcr den OSV aufgefallen ist und auch heute noch aktiv am Vereinsleben teilnimmt.\u00a0\u00a0<\/p>\n<p>\u00a0<\/p>\n<p>Heute: <strong>Bernhard Kettler <\/strong>(jahrelanger Spielmacher der 1. Herren und Alten Herren)<\/p>\n<p>\u00a0<\/p>\n<ol>\n<li>Seit wann bist Du OSV-Mitglied?<\/li>\n<\/ol>\n<p><strong><em>Seit 1960.<\/em><\/strong><\/p>\n<p>\u00a0<\/p>\n<ol start=\"2\">\n<li>Beschreibe kurz Deine OSV-Laufbahn in ein paar Worten:<\/li>\n<\/ol>\n<p><em>\u00a0<\/em><strong><em>3 Jahre A-Jugend, 12 Jahre Herren, 15 Jahre Alte Herren<\/em><\/strong><\/p>\n<p>\u00a0<\/p>\n<ol start=\"3\">\n<li>Was waren Deine sportlichen H\u00f6hepunkte im OSV?<\/li>\n<\/ol>\n<p><em>\u00a0<\/em><strong><em>1964\/65 A-Jugend-Meister bzw. Aufstieg (<\/em><\/strong><strong><em>Entscheidungsspiel SWO gegen Langenberg = Bezirksliga)<\/em><\/strong><\/p>\n<p>\u00a0<\/p>\n<ol start=\"4\">\n<li>Welcher OSV-Weggef\u00e4hrte (z. B. Trainer oder Mitspieler) ist Dir besonders in Erinnerung geblieben und warum?<\/li>\n<\/ol>\n<p><em>\u00a0<\/em><strong><em>Trainer Ignatzek und Mitspieler Florenz Geise!<\/em><\/strong><strong><em> Beide waren echte Talente!<\/em><\/strong><\/p>\n<p>\u00a0<\/p>\n<ol start=\"5\">\n<li>In welcher Funktion erlebst Du heute den OSV?<\/li>\n<\/ol>\n<p><em>\u00a0<\/em><strong><em>Zuschauer<\/em><\/strong><\/p>\n<p>\u00a0<\/p>\n<ol start=\"6\">\n<li>Was hat bei Dir auf dem Weg zu einem Profisportler\/Bundesligaspieler gefehlt?<\/li>\n<\/ol>\n<p>\u2610 Talent<\/p>\n<p>\u2610 Einstellung<\/p>\n<p>\u2610 Technik<\/p>\n<p><strong>\u2612<\/strong><strong> Ausdauer<\/strong><\/p>\n<p>\u2610 Trainingsmaterial<\/p>\n<p>\u2610 Freizeitgestaltung<\/p>\n<p>\u2610 Sonstiges __________________________________<\/p>\n<p>Danke f\u00fcr Deine Teilnahme!<\/p>\n<p>\u00a0<\/p>\n\n\t\t<style type=\"text\/css\">\n\t\t\t#gallery-1 {\n\t\t\t\tmargin: auto;\n\t\t\t}\n\t\t\t#gallery-1 .gallery-item {\n\t\t\t\tfloat: left;\n\t\t\t\tmargin-top: 10px;\n\t\t\t\ttext-align: center;\n\t\t\t\twidth: 33%;\n\t\t\t}\n\t\t\t#gallery-1 img {\n\t\t\t\tborder: 2px solid #cfcfcf;\n\t\t\t}\n\t\t\t#gallery-1 .gallery-caption {\n\t\t\t\tmargin-left: 0;\n\t\t\t}\n\t\t\t\/* see gallery_shortcode() in wp-includes\/media.php *\/\n\t\t<\/style>\n\t\t<div id='gallery-1' class='gallery galleryid-27251 gallery-columns-3 gallery-size-thumbnail'><dl class='gallery-item'>\n\t\t\t<dt class='gallery-icon landscape'>\n\t\t\t\t<a href='https:\/\/sw-osterfeine.de\/wp-content\/uploads\/2020\/09\/Kettler.jpg' title=\"\" data-rl_title=\"\" class=\"rl-gallery-link\" data-rl_caption=\"\" data-rel=\"lightbox-gallery-1\"><img loading=\"lazy\" decoding=\"async\" width=\"150\" height=\"150\" src=\"https:\/\/sw-osterfeine.de\/wp-content\/uploads\/2020\/09\/Kettler-150x150.jpg\" class=\"attachment-thumbnail size-thumbnail\" alt=\"\" \/><\/a>\n\t\t\t<\/dt><\/dl>\n\t\t\t<br style='clear: both' \/>\n\t\t<\/div>\n\n<p>\u00a0<\/p>\n<p>Bernd Kettler wurde 2010 von den OSV-Fans in die <strong>OSV-Jahrhundert-Elf<\/strong> gew\u00e4hlt. Bernd ist auf dem Foto in der hinteren Reihe als Zweiter von rechts zu finden!<\/p>\n<p>\u00a0<\/p>\n","protected":false},"excerpt":{"rendered":"<p>Unter der Rubrik &#8222;OSV-Legenden im R\u00fcckspiegel&#8220; werden wir in den kommenden Wochen und Monaten regelm\u00e4\u00dfig ein Vereinsmitglied vorstellen, welches in der Vergangenheit durch tolle sportliche Leistungen f\u00fcr den OSV aufgefallen ist und auch heute noch aktiv am Vereinsleben teilnimmt.\u00a0\u00a0 \u00a0 Heute: Bernhard Kettler (jahrelanger Spielmacher der 1. Herren und Alten Herren) \u00a0 Seit wann bist [&hellip;]<\/p>\n","protected":false},"author":3,"featured_media":0,"comment_status":"closed","ping_status":"closed","sticky":false,"template":"","format":"standard","meta":{"footnotes":""},"categories":[3],"tags":[],"_links":{"self":[{"href":"https:\/\/sw-osterfeine.de\/index.php?rest_route=\/wp\/v2\/posts\/27251"}],"collection":[{"href":"https:\/\/sw-osterfeine.de\/index.php?rest_route=\/wp\/v2\/posts"}],"about":[{"href":"https:\/\/sw-osterfeine.de\/index.php?rest_route=\/wp\/v2\/types\/post"}],"author":[{"embeddable":true,"href":"https:\/\/sw-osterfeine.de\/index.php?rest_route=\/wp\/v2\/users\/3"}],"replies":[{"embeddable":true,"href":"https:\/\/sw-osterfeine.de\/index.php?rest_route=%2Fwp%2Fv2%2Fcomments&post=27251"}],"version-history":[{"count":4,"href":"https:\/\/sw-osterfeine.de\/index.php?rest_route=\/wp\/v2\/posts\/27251\/revisions"}],"predecessor-version":[{"id":27256,"href":"https:\/\/sw-osterfeine.de\/index.php?rest_route=\/wp\/v2\/posts\/27251\/revisions\/27256"}],"wp:attachment":[{"href":"https:\/\/sw-osterfeine.de\/index.php?rest_route=%2Fwp%2Fv2%2Fmedia&parent=27251"}],"wp:term":[{"taxonomy":"category","embeddable":true,"href":"https:\/\/sw-osterfeine.de\/index.php?rest_route=%2Fwp%2Fv2%2Fcategories&post=27251"},{"taxonomy":"post_tag","embeddable":true,"href":"https:\/\/sw-osterfeine.de\/index.php?rest_route=%2Fwp%2Fv2%2Ftags&post=27251"}],"curies":[{"name":"wp","href":"https:\/\/api.w.org\/{rel}","templated":true}]}}