{"id":27268,"date":"2020-09-08T07:18:48","date_gmt":"2020-09-08T05:18:48","guid":{"rendered":"https:\/\/sw-osterfeine.de\/?p=27268"},"modified":"2020-09-08T07:18:48","modified_gmt":"2020-09-08T05:18:48","slug":"fussball-1-b-jugend-vorbereitung-und-pokalspiel","status":"publish","type":"post","link":"https:\/\/sw-osterfeine.de\/?p=27268","title":{"rendered":"Fu\u00dfball 1. B-Jugend: Vorbereitung und Pokalspiel"},"content":{"rendered":"\n<p><strong>Vorbereitungsbericht:<\/strong><\/p>\n<p>Seit dem 22.07.2020 trainiert die 1. B-Jugend und bereitet sich auf die Herausforderungen in der Kreisliga vor. Seit diesem Datum stehen 18 Trainingseinheiten (inklusive Testspiele) zu Buche. Eine Trainingsbeteiligung von mehr als 80% im Schnitt (trotz einiger urlaubsbedingt verpasster Einheiten) spricht dabei absolut f\u00fcr den Ehrgeiz der Jungs. Entsprechende Fortschritte sind mittlerweile zu sehen, auch wenn es nat\u00fcrlich immer Dinge gibt, die sich verbessern lassen.<\/p>\n<p>Unser erstes Testspiel gegen RW Damme I ging \u2013 sagen wir mal \u2013 standesgem\u00e4\u00df aus (Damme tritt in dieser Saison in der Landesliga an und hat dort durchaus Ambitionen), zumal wir zu dem Zeitpunkt erst zweimal zusammen trainiert hatten. Dennoch hat die Mannschaft \u00fcber weite Strecken gut dagegen gehalten.<\/p>\n<p>Einen internen Test gegen die eigene 1. C-Jugend konnten wir siegreich gestalten, auch wenn die erste Halbzeit von uns mit Fu\u00dfball nicht wirklich viel zu tu hatte. Ein zweiter Test gegen die JSG Stemwederberg sah da schon besser aus. Auch wenn der 3:1 Sieg in der H\u00f6he nicht unbedingt verdient war hat er doch gezeigt, dass die Bereitschaft bis zum Ende alles f\u00fcr die Mannschaft zu geben absolut gegeben ist.<\/p>\n<p>Als \u201eGeneralrobe\u201c vor unserem Pokalspiel gegen RW Damme II bestritten wir zu guter Letzt noch einen internen Test gegen die 2. A-Jugend. Diesen konnten wir \u00fcber weite Strecken dominant gestalten und f\u00fcr uns entscheiden.<\/p>\n<p>Wenn wir es schaffen noch mehr Vertrauen ineinander zu gewinnen, etwas mutiger nach vorne spielen und defensiv etwas cleverer agieren werden wir definitiv eine gute Rolle in dieser Kreisligasaison spielen. Alle Anlagen f\u00fcr eine erfolgreiche Spielzeit sind auf jeden Fall vorhanden.<\/p>\n<p>Los geht`s nach dem Pokal (06.09. um 10:30 Uhr in Damme) am 13.09. um 10:30 Uhr in Lohne.<\/p>\n<p>Mit freundlichen Gr\u00fc\u00dfen<\/p>\n<p>Coach P.<\/p>\n<p>\u00a0<\/p>\n<p><strong>Pokalspiel: RW Damme II \u2013 SW Osterfeine 5:1<\/strong><\/p>\n<p>Das am Ende deutliche Ergebnis t\u00e4uschte am vergangenen Sonntag \u00fcber einen echten Pokalfight hinweg, der den Zuschauern bis in die Schlussminuten einiges an Unterhaltung bieten konnte. Letztendlich mussten wir uns dennoch unseren Rivalen, der 2. B-Jugend aus dem benachbarten Damme (mit geringf\u00fcgiger Unterst\u00fctzung aus der Landesligatruppe der 1. B) mit 5:1 geschlagen geben.<\/p>\n<p>Wir hatten uns f\u00fcr diese Partie viel vorgenommen und uns intensiv darauf vorbereitet, was uns erwarten w\u00fcrde (inklusive eines kleinen taktischen Kniffs, der jedoch scheinbar relativ schnell erkannt wurde). Die beiden Landesligisten, die in unseren Vorbereitungen nicht eingeplant waren brachten uns dann letztendlich auch eher wenig aus dem Konzept. Die grunds\u00e4tzlichen Abl\u00e4ufe waren bekannt und wurden auch weitestgehend umgesetzt.<\/p>\n<p>Somit entwickelte sich ein Spiel mit leichten Vorteilen f\u00fcr die Gastgeber, die wir aber selten zu klaren Torchancen kommen lie\u00dfen und immer wieder mit kleinen Nadelstichen (hier machte Lennart Hanker auf ungewohnter Position in der Spitze einen Riesen-Job als Anspielstation und Ballverteiler) unter Druck setzten. Dies h\u00e4tte allerdings noch wesentlich besser ausgesehen, wenn alle Beteiligten von Beginn an etwas wacher gewesen w\u00e4ren. M\u00f6glicherweise sollten wir uns k\u00fcnftig den Wecker eine Stunde eher stellen\u2026<\/p>\n<p>Den ersten R\u00fcckschlag erhielten wir dann in der 16. Minute, als Mats \u201eKl\u00fcnter\u201c Deters einen selbst verursachten Freisto\u00df per Kopf ungl\u00fccklich und unhaltbar ins eigene Tor verl\u00e4ngerte. Dieses Gegentor warf die Jungs aber keineswegs aus der Bahn. Es war vielmehr ein Weckruf, der eine \u201ejetzt erst recht\u201c-Reaktion zur Folge hatte. Mit zunehmender Spielzeit trauten sie sich offensiv mehr zu und gewannen langsam mehr Ballsicherheit. Extrem ungl\u00fccklich fiel dann in der Nachspielzeit der ersten H\u00e4lfte das 2:0. Einen Ballverlust im Mittelfeld konnte Damme mit einem schnellen Ball durch die Schnittstelle unserer Abwehr effektiv nutzen.<\/p>\n<p>Mit drei Auswechslungen und den damit verbundenen frischen Beinen wollten wir in der zweiten Halbzeit das Spiel zu unseren Gunsten wenden. In den ersten Minuten nach Wiederanpfiff kam uns jedoch v\u00f6llig die Ordnung abhanden, was zu einigen starken Rettungstaten von Torh\u00fcter Sven B\u00f6rger f\u00fchrte. Beim 3:0 war er dann allerdings machtlos. Einen Fl\u00fcgellauf der Dammer \u00fcber unsere rechte Seite konnte Jan Kohake noch stark ablaufen, im Anschluss daran aber den Ball nicht behaupten. Den Pass in den R\u00fcckraum konnte Dammes Nummer 17 (Hugo Eismann) aus ca. 12 Metern im Tor unterbringen.<\/p>\n<p>Da uns nun die Zeit ausging richteten wir unser Spielsystem nun zunehmend offensiver aus. Jeder h\u00e4ngte sich mit allem rein, was Kopf und Beine hergaben. Somit wurden wir im vorderen Bereich zunehmend gef\u00e4hrlicher, auch wenn wir defensiv nun mehr 1-gegen-1-Situationen zu meistern hatten (und diese auch h\u00e4ufig f\u00fcr uns entscheiden konnten). Belohnt wurden wir f\u00fcr unseren Einsatz in der 64. Minute, als der stark aufspielende Lennart den Ball auf Louis B\u00f6ckmann durchsteckte und dieser in bester St\u00fcrmermanier verwandelte. Die Nervosit\u00e4t war nun auch den Dammer Spielern anzumerken und wir konnten zunehmend Druck auf unsere Gegner aufbauen und weitere Chancen kreieren.<\/p>\n<p>Mit einem Doppelschlag wurden unsere Tr\u00e4ume auf die n\u00e4chste Pokalrunde dann jedoch in der 76. und 77. Minute beendet. Nachdem ein erster Torschuss aus <strong>stark <\/strong>abseitsverd\u00e4chtiger Position von unserem \u00fcberragenden Torwart abgewehrt werden konnte war dies nach dem darauf folgenden Querpass nicht mehr m\u00f6glich. Im n\u00e4chsten Dammer Angriff fand der Ball von der 16er-Kante aus den Weg in die kurze Ecke, als alle mit einer Flanke gerechnet hatten.<\/p>\n<p>Abschlie\u00dfend bleibt festzuhalten, dass die Jungs sich gut verkauft haben und der Sieg in dieser H\u00f6he aus meiner Sicht nicht wirklich das Spiel widerspiegelt. Ein gro\u00dfes Lob gilt allen Spielern. Sowohl die \u201eersten Elf\u201c, als auch die Ersatzspieler machten ordentlich Werbung f\u00fcr sich. Mit einer solchen Einstellung kann man in die Saison gehen. Auf die gesamte Spieldauer gesehen fehlte bei einigen Spielern zwar noch etwas die Kraft, aber die eingewechselten Spieler haben gezeigt, dass man keine Ersatzbank von 7 Leuten braucht, um regelm\u00e4\u00dfig gute Fu\u00dfballer einwechseln zu k\u00f6nnen.<\/p>\n<p>Bereits in zwei Wochen empfangen wir Damme zur Revanche. Wir hoffen auf viele Zuschauer, um dann beweisen zu k\u00f6nnen, dass das letzte Wort in diesem Duell noch nicht gesprochen ist. Am 13.09. treten wir allerdings zun\u00e4chst gegen BW Lohne II an (wohlgemerkt unsere k\u00fcrzeste Ausw\u00e4rtsfahrt in der Kreisliga!) und wollen dort die Fahne des S\u00fcdkreises hochhalten.<\/p>\n<p>PS: Die gesamte Mannschaft, sowie das Trainerteam w\u00fcnscht dem Dammer Au\u00dfenspieler Lennardt Wempe, der sich bereits in der Anfangsphase des Spiels am Knie verletzte und daher nicht l\u00e4nger mitwirken konnte gute Besserung! Wir w\u00fcrden uns freuen, wenn du bei der Revanche in Osterfeine wieder mitwirken k\u00f6nntest.<\/p>\n<p>Mit freundlichen Gr\u00fc\u00dfen<\/p>\n<p>Coach P.<\/p>\n","protected":false},"excerpt":{"rendered":"<p>Vorbereitungsbericht: Seit dem 22.07.2020 trainiert die 1. B-Jugend und bereitet sich auf die Herausforderungen in der Kreisliga vor. Seit diesem Datum stehen 18 Trainingseinheiten (inklusive Testspiele) zu Buche. Eine Trainingsbeteiligung von mehr als 80% im Schnitt (trotz einiger urlaubsbedingt verpasster Einheiten) spricht dabei absolut f\u00fcr den Ehrgeiz der Jungs. Entsprechende Fortschritte sind mittlerweile zu sehen, [&hellip;]<\/p>\n","protected":false},"author":3,"featured_media":0,"comment_status":"closed","ping_status":"closed","sticky":false,"template":"","format":"standard","meta":{"footnotes":""},"categories":[3],"tags":[],"_links":{"self":[{"href":"https:\/\/sw-osterfeine.de\/index.php?rest_route=\/wp\/v2\/posts\/27268"}],"collection":[{"href":"https:\/\/sw-osterfeine.de\/index.php?rest_route=\/wp\/v2\/posts"}],"about":[{"href":"https:\/\/sw-osterfeine.de\/index.php?rest_route=\/wp\/v2\/types\/post"}],"author":[{"embeddable":true,"href":"https:\/\/sw-osterfeine.de\/index.php?rest_route=\/wp\/v2\/users\/3"}],"replies":[{"embeddable":true,"href":"https:\/\/sw-osterfeine.de\/index.php?rest_route=%2Fwp%2Fv2%2Fcomments&post=27268"}],"version-history":[{"count":2,"href":"https:\/\/sw-osterfeine.de\/index.php?rest_route=\/wp\/v2\/posts\/27268\/revisions"}],"predecessor-version":[{"id":27270,"href":"https:\/\/sw-osterfeine.de\/index.php?rest_route=\/wp\/v2\/posts\/27268\/revisions\/27270"}],"wp:attachment":[{"href":"https:\/\/sw-osterfeine.de\/index.php?rest_route=%2Fwp%2Fv2%2Fmedia&parent=27268"}],"wp:term":[{"taxonomy":"category","embeddable":true,"href":"https:\/\/sw-osterfeine.de\/index.php?rest_route=%2Fwp%2Fv2%2Fcategories&post=27268"},{"taxonomy":"post_tag","embeddable":true,"href":"https:\/\/sw-osterfeine.de\/index.php?rest_route=%2Fwp%2Fv2%2Ftags&post=27268"}],"curies":[{"name":"wp","href":"https:\/\/api.w.org\/{rel}","templated":true}]}}