{"id":27290,"date":"2020-09-09T09:03:53","date_gmt":"2020-09-09T07:03:53","guid":{"rendered":"https:\/\/sw-osterfeine.de\/?p=27290"},"modified":"2020-09-09T09:03:53","modified_gmt":"2020-09-09T07:03:53","slug":"fussball-3-herren-1-spieltag","status":"publish","type":"post","link":"https:\/\/sw-osterfeine.de\/?p=27290","title":{"rendered":"Fu\u00dfball 3. Herren: 1. Spieltag"},"content":{"rendered":"\n<p><br \/>Sehr geehrte Fu\u00dfballfreunde, der Lederball rollt und h\u00fcpft wieder im Punktspielbetrieb \u00fcber die Fu\u00dfballpl\u00e4tze im Landkreis Vechta. Zur unserer gro\u00dfen Freude schickt auch die 3. Fu\u00dfball-Herrenmannschaft von SW Osterfeine wieder seine besten M\u00e4nner aufs Feld um die Jagd auf das begehrte Spielobjekt.<br \/><br \/>Um einen Schritt zur\u00fcck zu gehen, m\u00f6chten wir von der Dritten gerne erw\u00e4hnen, dass unsere Trainingsvorbereitung gepr\u00e4gt war von &#8222;Abschlussspielen&#8220; in gemischter Form der Dritten und Vierten Herren. Zur Freude durften wir auch Testspiele unter Corona-Regeln wahrnehmen, in der vor allem eine neue Formation getestet wurde. Dem Trainerteam liegt nahe, diese Formation zu etablieren und idealerweise im Verein weiterzutragen. Darauf k\u00f6nnt ihr Euch schon mal sehr freuen.<br \/><br \/>Kommen wir zum Spielgeschehen: Wir wurden gebeten unser erstes Spiel der Saison 2020\/2021 in Lutten auszutragen. Uns stand deren 3. Herrenmannschaft gegen\u00fcber. Wir spielten sicherheitshalber mit gewohnter Formation mit folgenden Leuten (inkl. Auswechslungen):<br \/><br \/>Anwalt &#8211; Henni (80. Adi), Flo, Riese, Buddy &#8211; Dammi (70. Grote), Jocab &#8211; Tobi, Pavel (46. Bauer), St\u00f6ppel (46. Max) &#8211; Razvan<br \/><br \/>Wie der Kenner schon bemerkt hat, haben wir gleich mit drei Neuen, einem Veteranen und einem von der der Zweiten gespielt, die so noch nie zusammen gespielt hat. Sehr wahrscheinlich wird diese Formation dieses Jahr nie wieder so zusammen spielen bzw. werden wir oft Ver\u00e4nderungen in der Mannschaftsaufstellung erleben, und genau das wird unsere gr\u00f6\u00dfte Herausforderung in dieser Saison sein.<br \/><br \/>Beim Spiel gab es auf beiden Seiten Chancen. Lutten konnte seine leider in der 36. Minuten zum 1:0 nutzen. Vorausgegangen waren Torchancen von Razvan und Pawel in der 8. und 9. Minute. Die 2. Halbzeit war ebenfalls ausgeglichen, jedoch gingen wir fr\u00fch durch einen Foulelfmeter mit 2:0 in R\u00fcckstand (46. Minute). Nach einer Vorlage von Bauer konnte wir mit einem Tor von Max Kampsen 2:1 verk\u00fcrzen (70. Minute). In der 75. Spielminute entglitt einem Spieler von Lutten die Contenance und wurde nach einer geschmacklosen Beleidigung vom Platz gestellt. Wir hoffen, dass der Spieler seinen Fehler bereut und in Zukunft nie wieder durch schlechtes Betragen auff\u00e4llt. Am Ende der Partie hatten wir viele Chancen (u.a. 85. Abseitstor Max, 93. Freisto\u00df Tobi) und waren nahe an einem Punktgewinn dran, leider konnten uns nicht belohnen.<br \/><br \/>Wir bleiben daher mit dem Punktekontostand wie am Anfang der Saison. Mit Fortlauf der Saison wird dieser korrigiert, das ist unser Versprechung an Euch. An kommenden Sonntag empfangen wir RW Damme III. Dementsprechend braucht es keine Motivation seitens der Trainer.<br \/><br \/>Gru\u00df,<br \/>SW Osterfeine III<\/p>\n","protected":false},"excerpt":{"rendered":"<p>Sehr geehrte Fu\u00dfballfreunde, der Lederball rollt und h\u00fcpft wieder im Punktspielbetrieb \u00fcber die Fu\u00dfballpl\u00e4tze im Landkreis Vechta. Zur unserer gro\u00dfen Freude schickt auch die 3. Fu\u00dfball-Herrenmannschaft von SW Osterfeine wieder seine besten M\u00e4nner aufs Feld um die Jagd auf das begehrte Spielobjekt. Um einen Schritt zur\u00fcck zu gehen, m\u00f6chten wir von der Dritten gerne erw\u00e4hnen, [&hellip;]<\/p>\n","protected":false},"author":3,"featured_media":0,"comment_status":"closed","ping_status":"closed","sticky":false,"template":"","format":"standard","meta":{"footnotes":""},"categories":[3],"tags":[],"_links":{"self":[{"href":"https:\/\/sw-osterfeine.de\/index.php?rest_route=\/wp\/v2\/posts\/27290"}],"collection":[{"href":"https:\/\/sw-osterfeine.de\/index.php?rest_route=\/wp\/v2\/posts"}],"about":[{"href":"https:\/\/sw-osterfeine.de\/index.php?rest_route=\/wp\/v2\/types\/post"}],"author":[{"embeddable":true,"href":"https:\/\/sw-osterfeine.de\/index.php?rest_route=\/wp\/v2\/users\/3"}],"replies":[{"embeddable":true,"href":"https:\/\/sw-osterfeine.de\/index.php?rest_route=%2Fwp%2Fv2%2Fcomments&post=27290"}],"version-history":[{"count":1,"href":"https:\/\/sw-osterfeine.de\/index.php?rest_route=\/wp\/v2\/posts\/27290\/revisions"}],"predecessor-version":[{"id":27291,"href":"https:\/\/sw-osterfeine.de\/index.php?rest_route=\/wp\/v2\/posts\/27290\/revisions\/27291"}],"wp:attachment":[{"href":"https:\/\/sw-osterfeine.de\/index.php?rest_route=%2Fwp%2Fv2%2Fmedia&parent=27290"}],"wp:term":[{"taxonomy":"category","embeddable":true,"href":"https:\/\/sw-osterfeine.de\/index.php?rest_route=%2Fwp%2Fv2%2Fcategories&post=27290"},{"taxonomy":"post_tag","embeddable":true,"href":"https:\/\/sw-osterfeine.de\/index.php?rest_route=%2Fwp%2Fv2%2Ftags&post=27290"}],"curies":[{"name":"wp","href":"https:\/\/api.w.org\/{rel}","templated":true}]}}