{"id":27292,"date":"2020-09-09T09:15:36","date_gmt":"2020-09-09T07:15:36","guid":{"rendered":"https:\/\/sw-osterfeine.de\/?p=27292"},"modified":"2020-09-09T09:15:36","modified_gmt":"2020-09-09T07:15:36","slug":"fussball-4-herren-1-spieltag","status":"publish","type":"post","link":"https:\/\/sw-osterfeine.de\/?p=27292","title":{"rendered":"Fu\u00dfball 4. Herren: 1. Spieltag"},"content":{"rendered":"\n<p>SW Osterfeine IV 1:7 VFL Oythe IV<br \/><br \/>Nach mehreren Monaten Pause startete die neue Saison nun endlich mit dem Auftaktspiel gegen Oythe IV. Wir freuen uns, dass mit David Lamping, Christopher Kl\u00f6nne, Lukas Glandorf und Luca Zurlage schlagkr\u00e4ftige Verst\u00e4rkung aus der A-Jugend f\u00fcr die neue Saison zur Verf\u00fcgung steht. Dar\u00fcber hinaus ist Tim Krebeck nach jahrelanger Pause wieder Teil der Mannschaft, musste heute jedoch verletzungsbedingt pausieren.<br \/>Wir freuen uns \u00fcber die Neuzug\u00e4nge, Willkommen Jungs!<br \/>Das erste Saisonspiel startete ausgeglichen, in der ersten Viertelstunde konnten weder Oythe noch unser Team nennenswerte Chancen vorweisen. Danach kam es jedoch zu mehreren guten Chancen der gegnerischen Mannschaft, welche jedoch von Hoschi sauber gekl\u00e4rt werden konnten. Das \u00e4nderte sich in der 30. Minute als mit einem satten 20 Meter Schuss aus der zweiten Reihe die F\u00fchrung f\u00fcr Oythe erzielt wurde.<br \/>Dies brachte uns vollkommen aus dem Konzept und die Abstimmung insbesondere in der Verteidigung war unzureichend. So fielen die Gegentore zwei bis vier innerhalb von f\u00fcnf Minuten vor Ende der ersten Halbzeit. Sp\u00e4testens hier machte sich die lange Trainingspause und fehlende Spielpraxis bemerkbar. Die Kommunikation und die Absprache auf dem Platz sind definitiv noch ausbauf\u00e4hig. Kurz vor Ende der Halbzeit vergaben wir au\u00dferdem eine Gro\u00dfchance, sodass es beim Halbzeitstand von 0:4 blieb.<br \/>Auch zu Beginn der zweiten Halbzeit waren wir nicht in der Lage, die Abstimmung in unseren eigenen Reihen zu verbessern, sodass kurz nach Anpfiff das f\u00fcnfte Gegentor fiel. Insgesamt l\u00e4sst sich bis hierhin festhalten, dass die Gegentore nicht aufgrund der spielerischen Klasse der Oyther Mannschaft gefallen sind, sondern weitestgehend durch unser unkoordiniertes Defensivverhalten.<br \/>Erst das sechste Gegentor durch einen fragw\u00fcrdigen Elfmeter in der 60. Minute und die Einwechslung von Jan-Bernd Pohlschneider brachten zumindest tempor\u00e4r etwas Stabilit\u00e4t zur\u00fcck ins Spiel. Bis zur 85. Minute kam es dann zu mehreren guten Offensivaktionen insbesondere durch Rocco, Klatte und Lemmy. Nach einer sehr sch\u00f6nen Einzelaktion von Berthold konnte Lemmy daraufhin den Anschlusstreffer erzielen.<br \/>Kurz vor Schluss fiel dann der letzte Gegentreffer. Das Saisonauftaktspiel hat uns gezeigt, dass wir in den n\u00e4chsten Wochen im Training insbesondere an der gemeinsamen Defensivarbeit der ganzen Mannschaft und an der Mannschaftskommunikation auf dem Platz arbeiten sollten.<\/p>\n<p>Mit sportlichem Gru\u00df<br \/>Die Vierte<\/p>\n","protected":false},"excerpt":{"rendered":"<p>SW Osterfeine IV 1:7 VFL Oythe IV Nach mehreren Monaten Pause startete die neue Saison nun endlich mit dem Auftaktspiel gegen Oythe IV. Wir freuen uns, dass mit David Lamping, Christopher Kl\u00f6nne, Lukas Glandorf und Luca Zurlage schlagkr\u00e4ftige Verst\u00e4rkung aus der A-Jugend f\u00fcr die neue Saison zur Verf\u00fcgung steht. Dar\u00fcber hinaus ist Tim Krebeck nach [&hellip;]<\/p>\n","protected":false},"author":3,"featured_media":0,"comment_status":"closed","ping_status":"closed","sticky":false,"template":"","format":"standard","meta":{"footnotes":""},"categories":[3],"tags":[],"_links":{"self":[{"href":"https:\/\/sw-osterfeine.de\/index.php?rest_route=\/wp\/v2\/posts\/27292"}],"collection":[{"href":"https:\/\/sw-osterfeine.de\/index.php?rest_route=\/wp\/v2\/posts"}],"about":[{"href":"https:\/\/sw-osterfeine.de\/index.php?rest_route=\/wp\/v2\/types\/post"}],"author":[{"embeddable":true,"href":"https:\/\/sw-osterfeine.de\/index.php?rest_route=\/wp\/v2\/users\/3"}],"replies":[{"embeddable":true,"href":"https:\/\/sw-osterfeine.de\/index.php?rest_route=%2Fwp%2Fv2%2Fcomments&post=27292"}],"version-history":[{"count":1,"href":"https:\/\/sw-osterfeine.de\/index.php?rest_route=\/wp\/v2\/posts\/27292\/revisions"}],"predecessor-version":[{"id":27293,"href":"https:\/\/sw-osterfeine.de\/index.php?rest_route=\/wp\/v2\/posts\/27292\/revisions\/27293"}],"wp:attachment":[{"href":"https:\/\/sw-osterfeine.de\/index.php?rest_route=%2Fwp%2Fv2%2Fmedia&parent=27292"}],"wp:term":[{"taxonomy":"category","embeddable":true,"href":"https:\/\/sw-osterfeine.de\/index.php?rest_route=%2Fwp%2Fv2%2Fcategories&post=27292"},{"taxonomy":"post_tag","embeddable":true,"href":"https:\/\/sw-osterfeine.de\/index.php?rest_route=%2Fwp%2Fv2%2Ftags&post=27292"}],"curies":[{"name":"wp","href":"https:\/\/api.w.org\/{rel}","templated":true}]}}