{"id":27420,"date":"2020-09-29T07:22:03","date_gmt":"2020-09-29T05:22:03","guid":{"rendered":"https:\/\/sw-osterfeine.de\/?p=27420"},"modified":"2020-09-29T07:22:03","modified_gmt":"2020-09-29T05:22:03","slug":"fussball-1-a-jugend-danke-an-langenteiler-sportboeden","status":"publish","type":"post","link":"https:\/\/sw-osterfeine.de\/?p=27420","title":{"rendered":"Fu\u00dfball 1. A-Jugend: Danke an Langenteiler Sportb\u00f6den"},"content":{"rendered":"\n<p>Die 1. A-Jugend bedankt sich recht herzlich bei der Firma Langenteiler Sportb\u00f6den f\u00fcr neue Trainingspullover!<\/p>\n<p>\u00a0<\/p>\n<p>Das beigef\u00fcgte Foto zeigt die Mannschaft zusammen mit ihren Sponsoren.<\/p>\n<p>\u00a0<\/p>\n<p><strong>Hintere Reihe von links nach rechts: <\/strong><\/p>\n<p>Tom St\u00f6ppelmann, Mark Lamping, Maxime M\u00fcnch, Max-Sosef St\u00e4rk, Aron Decker.<\/p>\n<p><strong>Mittlere Reihe von links nach rechts: <\/strong><\/p>\n<p>Frederick Meyer (Trainer), Bobby Hellebusch (Co Trainer, Betreuer und Legende), Moritz Kl\u00f6nne, Mark Fischer, Jannis L\u00fcbbehusen, Henning Bley, Ben Wolfram, Jacob Westendorf, Dirk und Walter Gravemeyer (Sponsoren)<\/p>\n<p><strong>Vordere Reihe von links nach rechts: <\/strong><\/p>\n<p>Jonas Lampe, Hendrik Kuhlmann, Louis Staffehl, Adrian Rehling, Frank Deters.<\/p>\n\n\t\t<style type=\"text\/css\">\n\t\t\t#gallery-1 {\n\t\t\t\tmargin: auto;\n\t\t\t}\n\t\t\t#gallery-1 .gallery-item {\n\t\t\t\tfloat: left;\n\t\t\t\tmargin-top: 10px;\n\t\t\t\ttext-align: center;\n\t\t\t\twidth: 33%;\n\t\t\t}\n\t\t\t#gallery-1 img {\n\t\t\t\tborder: 2px solid #cfcfcf;\n\t\t\t}\n\t\t\t#gallery-1 .gallery-caption {\n\t\t\t\tmargin-left: 0;\n\t\t\t}\n\t\t\t\/* see gallery_shortcode() in wp-includes\/media.php *\/\n\t\t<\/style>\n\t\t<div id='gallery-1' class='gallery galleryid-27420 gallery-columns-3 gallery-size-thumbnail'><dl class='gallery-item'>\n\t\t\t<dt class='gallery-icon landscape'>\n\t\t\t\t<a href='https:\/\/sw-osterfeine.de\/wp-content\/uploads\/2020\/09\/A-Jugend-SWO-2020-2021-Sponsorenbild-scaled.jpg' title=\"\" data-rl_title=\"\" class=\"rl-gallery-link\" data-rl_caption=\"\" data-rel=\"lightbox-gallery-1\"><img loading=\"lazy\" decoding=\"async\" width=\"150\" height=\"150\" src=\"https:\/\/sw-osterfeine.de\/wp-content\/uploads\/2020\/09\/A-Jugend-SWO-2020-2021-Sponsorenbild-150x150.jpg\" class=\"attachment-thumbnail size-thumbnail\" alt=\"\" \/><\/a>\n\t\t\t<\/dt><\/dl>\n\t\t\t<br style='clear: both' \/>\n\t\t<\/div>\n\n","protected":false},"excerpt":{"rendered":"<p>Die 1. A-Jugend bedankt sich recht herzlich bei der Firma Langenteiler Sportb\u00f6den f\u00fcr neue Trainingspullover! \u00a0 Das beigef\u00fcgte Foto zeigt die Mannschaft zusammen mit ihren Sponsoren. \u00a0 Hintere Reihe von links nach rechts: Tom St\u00f6ppelmann, Mark Lamping, Maxime M\u00fcnch, Max-Sosef St\u00e4rk, Aron Decker. Mittlere Reihe von links nach rechts: Frederick Meyer (Trainer), Bobby Hellebusch (Co [&hellip;]<\/p>\n","protected":false},"author":3,"featured_media":0,"comment_status":"closed","ping_status":"closed","sticky":false,"template":"","format":"standard","meta":{"footnotes":""},"categories":[3],"tags":[],"_links":{"self":[{"href":"https:\/\/sw-osterfeine.de\/index.php?rest_route=\/wp\/v2\/posts\/27420"}],"collection":[{"href":"https:\/\/sw-osterfeine.de\/index.php?rest_route=\/wp\/v2\/posts"}],"about":[{"href":"https:\/\/sw-osterfeine.de\/index.php?rest_route=\/wp\/v2\/types\/post"}],"author":[{"embeddable":true,"href":"https:\/\/sw-osterfeine.de\/index.php?rest_route=\/wp\/v2\/users\/3"}],"replies":[{"embeddable":true,"href":"https:\/\/sw-osterfeine.de\/index.php?rest_route=%2Fwp%2Fv2%2Fcomments&post=27420"}],"version-history":[{"count":4,"href":"https:\/\/sw-osterfeine.de\/index.php?rest_route=\/wp\/v2\/posts\/27420\/revisions"}],"predecessor-version":[{"id":27425,"href":"https:\/\/sw-osterfeine.de\/index.php?rest_route=\/wp\/v2\/posts\/27420\/revisions\/27425"}],"wp:attachment":[{"href":"https:\/\/sw-osterfeine.de\/index.php?rest_route=%2Fwp%2Fv2%2Fmedia&parent=27420"}],"wp:term":[{"taxonomy":"category","embeddable":true,"href":"https:\/\/sw-osterfeine.de\/index.php?rest_route=%2Fwp%2Fv2%2Fcategories&post=27420"},{"taxonomy":"post_tag","embeddable":true,"href":"https:\/\/sw-osterfeine.de\/index.php?rest_route=%2Fwp%2Fv2%2Ftags&post=27420"}],"curies":[{"name":"wp","href":"https:\/\/api.w.org\/{rel}","templated":true}]}}