{"id":27540,"date":"2020-11-07T16:47:55","date_gmt":"2020-11-07T15:47:55","guid":{"rendered":"https:\/\/sw-osterfeine.de\/?p=27540"},"modified":"2020-11-07T16:47:55","modified_gmt":"2020-11-07T15:47:55","slug":"sportlerballpause-2020","status":"publish","type":"post","link":"https:\/\/sw-osterfeine.de\/?p=27540","title":{"rendered":"Sportlerballpause 2020"},"content":{"rendered":"\n<p>26 Jahre konnten die OSV-Sportler den Sportlerball mit Kohlessen ohne Unterbrechung in der so geliebten eigenen Sporthalle feiern, wie es das Sportlerherz begehrte. 700 OSVer fieberten Jahr f\u00fcr Jahr dem Saisonh\u00f6hepunkt am ersten Novemberwochenende entgegen und brachten sich sportlich aber auch modisch und k\u00f6rperlich f\u00fcr dieses Highlight in topform. Doch an diesem ersten Novembersamstag 2020 ist coronabedingt vieles anders im OSV, wie im ganzen Leben derzeit. Doch wir wollen im OSV heute nicht nur das Sofa plattdr\u00fccken und Tr\u00fcbsal blasen. Gerade die derzeitige Ruhe sollte uns OSVern einen Moment des R\u00fcckblickes auf das 95.Jahr des OSV-Bestehens erleichtern, denn das Jahr 2020 war gl\u00fccklicherweise nicht nur Corona. Trotz der etwas beschwerlichen Rahmenbedingungen wuchs die OSV-Familie in diesem Jahr auf sagenhafte 1750 Mitglieder an!!!!! Unsere zahlreichen und tollen Trainer, Betreuer, \u00dcbungsleiter, Schiedsrichter, Abteilungsleitungen, Kassierer, Helfer, Platzwarte, Reinigungskr\u00e4fte und Verantwortliche strengten sich nochmal besonders an, um unter den gegebenen Bedingungen unseren Sportlern Vereinssport im OSV zu erm\u00f6glichen!!!! Vielen, vielen Dank Euch allen und die Auszeichnung mit dem Ehrenamtspreis holen wir nach\u2026.. Ein gro\u00dfes Kompliment und Danke sch\u00f6n geht gerade in dieser Zeit an unsere F\u00f6rderer, G\u00f6nner, Sponsoren und Werbepartner. Ein Blick auf unsere Sportst\u00e4tten zeigt deutlich, dass wir auch in diesem Jahr unsere Anzahl der Werbepartner nochmal steigern konnten. Euch daf\u00fcr ein herzliches Dankesch\u00f6n im Sinne unserer Sport treibenden Jugend!!! Auch wenn die sportlichen Rahmenbedingungen in 2020 viel Improvisationstalent erforderten, unsere Sportler pr\u00e4sentierten sich herausragend und dr\u00e4ngten sich mit unglaublichen Leistungen in den Vordergrund, um am heutigen Samstag an und f\u00fcr sich als Mannschaft des Jahres ausgezeichnet zu werden: Unsere Handballdamen schafften den sofortigen Wiederaufstieg in die Landesliga!!! Unsere II-Handballmannschaft belegte Platz 2!!! Unsere Fu\u00dfball-A-Jugend schaffte den Aufstieg in die Bezirksliga!!! Unsere Zweite schaffte erneut den Klassenerhalt in der Kreisliga!! Und unsere 1. Herrenmannschaft belegte den 3. Platz am Saisonende in der Bezirksliga!!! Doch f\u00fcr unsere Erste gilt noch eine weitere nicht f\u00fcr m\u00f6glich gehaltene Leistung zu konstatieren: SW Osterfeine I blieb im kompletten Jahr 2020 in allen Punktspielen ohne Punktverlust, d.h. es gab ausschlie\u00dflich Siege zu feiern. Ein Novum in der Vereinsgeschichte: Corona machts m\u00f6glich\u2026\u2026.. Vergessen wollen wir an dieser Stelle auf keinen Fall unseren Nachwuchs in allen Sparten. In der neuen Saison konnten die jugendlichen Fu\u00dfballer immerhin den Spielbetrieb aufnehmen, und unser Kinder zeigten in tollen Mannschaften herausragende Leistungen von der G-Jugend bis zur A-Jugend, und das mit ausschlie\u00dflich eigenen Kr\u00e4ften\u2026.. Das ist wahre Jugendarbeit\u2026, denn dem OSV liegt jedes Kind am Herzen. Unsere Darter nahmen mit guten Leistungen und 2 Mannschaften am Spielbetrieb teil, unsere L\u00e4ufer litten stark unter den Coronabedingungen, sind aber genauso wie die Fitnessabteilung flexibel und engagiert dabei. Leider k\u00f6nnen wir heute keine Sportler ehren, keinen Kohlk\u00f6nig k\u00fcren, keine Showeinlage pr\u00e4sentieren und keine Sportlergespr\u00e4che bis in die tiefe Nacht f\u00fchren, aber wir sollten uns um so mehr auf den n\u00e4chsten Sportlerball in der OSV-Sporthalle freuen\u2026\u2026\u2026.. \u2026\u2026\u2026\u2026Und dann k\u00f6nnen wir auch wieder wie gewohnt die Sporthalle auf einem normalen Wege erreichen, denn das w\u00e4re in diesem Jahr ein Problem geworden. Aber wir sind sicher, unsere Sportler h\u00e4tten es geschafft: Sei es aus der Luft, sei es durch unser neues Wasserbad, sei es durch einen Riesensprung \u00fcber unseren Riesensandkasten vor der Halle, sei es durch das Balancieren \u00fcber eine der zahlreich freiliegenden Abwasserleitungen\u2026\u2026siehe hier einige Fotos \u00fcber unsere alternativen Sportst\u00e4tten. <\/p>\n\n\n\n<figure class=\"wp-block-image size-large is-resized\"><img loading=\"lazy\" decoding=\"async\" src=\"https:\/\/sw-osterfeine.de\/wp-content\/uploads\/2020\/11\/parkplatz2.jpg\" alt=\"\" class=\"wp-image-27536\" width=\"157\" height=\"208\" srcset=\"https:\/\/sw-osterfeine.de\/wp-content\/uploads\/2020\/11\/parkplatz2.jpg 768w, https:\/\/sw-osterfeine.de\/wp-content\/uploads\/2020\/11\/parkplatz2-225x300.jpg 225w\" sizes=\"(max-width: 157px) 100vw, 157px\" \/><\/figure>\n\n\n\n<figure class=\"wp-block-image size-large is-resized\"><img loading=\"lazy\" decoding=\"async\" src=\"https:\/\/sw-osterfeine.de\/wp-content\/uploads\/2020\/11\/Parkplatz1.jpg\" alt=\"\" class=\"wp-image-27535\" width=\"163\" height=\"122\" srcset=\"https:\/\/sw-osterfeine.de\/wp-content\/uploads\/2020\/11\/Parkplatz1.jpg 1024w, https:\/\/sw-osterfeine.de\/wp-content\/uploads\/2020\/11\/Parkplatz1-300x225.jpg 300w, https:\/\/sw-osterfeine.de\/wp-content\/uploads\/2020\/11\/Parkplatz1-768x576.jpg 768w\" sizes=\"(max-width: 163px) 100vw, 163px\" \/><\/figure>\n\n\n\n<figure class=\"wp-block-image size-large is-resized\"><img loading=\"lazy\" decoding=\"async\" src=\"https:\/\/sw-osterfeine.de\/wp-content\/uploads\/2020\/11\/Parklplatz4.jpg\" alt=\"\" class=\"wp-image-27534\" width=\"148\" height=\"197\" srcset=\"https:\/\/sw-osterfeine.de\/wp-content\/uploads\/2020\/11\/Parklplatz4.jpg 768w, https:\/\/sw-osterfeine.de\/wp-content\/uploads\/2020\/11\/Parklplatz4-225x300.jpg 225w\" sizes=\"(max-width: 148px) 100vw, 148px\" \/><\/figure>\n\n\n\n<figure class=\"wp-block-image size-large is-resized\"><img loading=\"lazy\" decoding=\"async\" src=\"https:\/\/sw-osterfeine.de\/wp-content\/uploads\/2020\/11\/Parklplatz3.jpg\" alt=\"\" class=\"wp-image-27533\" width=\"158\" height=\"119\" srcset=\"https:\/\/sw-osterfeine.de\/wp-content\/uploads\/2020\/11\/Parklplatz3.jpg 1024w, https:\/\/sw-osterfeine.de\/wp-content\/uploads\/2020\/11\/Parklplatz3-300x225.jpg 300w, https:\/\/sw-osterfeine.de\/wp-content\/uploads\/2020\/11\/Parklplatz3-768x576.jpg 768w\" sizes=\"(max-width: 158px) 100vw, 158px\" \/><\/figure>\n\n\n\n<p>Liebe OSV-Sportler, denkt heute Abend an den Sportlerball 2019 oder 2021\u2026, nutzt die aktuelle Zeit f\u00fcr die individuelle sportliche Fitness \u2013 hier auf dem Foto unser Co-Trainer und Flankengott der Ersten und Trainer unsere C-II-Jugend Christian Hegerfeld am Sportlerballsamstag \u2013 bleibt gesund und bleibt dem OSV weiterhin gewogen\u2026\u2026\u2026..<\/p>\n\n\n\n<figure class=\"wp-block-image size-large is-resized\"><img loading=\"lazy\" decoding=\"async\" src=\"https:\/\/sw-osterfeine.de\/wp-content\/uploads\/2020\/11\/heger.jpg\" alt=\"\" class=\"wp-image-27532\" width=\"221\" height=\"295\" srcset=\"https:\/\/sw-osterfeine.de\/wp-content\/uploads\/2020\/11\/heger.jpg 768w, https:\/\/sw-osterfeine.de\/wp-content\/uploads\/2020\/11\/heger-225x300.jpg 225w\" sizes=\"(max-width: 221px) 100vw, 221px\" \/><\/figure>\n\n\n\n<p><\/p>\n","protected":false},"excerpt":{"rendered":"<p>26 Jahre konnten die OSV-Sportler den Sportlerball mit Kohlessen ohne Unterbrechung in der so geliebten eigenen Sporthalle feiern, wie es das Sportlerherz begehrte. 700 OSVer fieberten Jahr f\u00fcr Jahr dem Saisonh\u00f6hepunkt am ersten Novemberwochenende entgegen und brachten sich sportlich aber auch modisch und k\u00f6rperlich f\u00fcr dieses Highlight in topform. Doch an diesem ersten Novembersamstag 2020 [&hellip;]<\/p>\n","protected":false},"author":3,"featured_media":0,"comment_status":"closed","ping_status":"closed","sticky":false,"template":"","format":"standard","meta":{"footnotes":""},"categories":[37],"tags":[],"_links":{"self":[{"href":"https:\/\/sw-osterfeine.de\/index.php?rest_route=\/wp\/v2\/posts\/27540"}],"collection":[{"href":"https:\/\/sw-osterfeine.de\/index.php?rest_route=\/wp\/v2\/posts"}],"about":[{"href":"https:\/\/sw-osterfeine.de\/index.php?rest_route=\/wp\/v2\/types\/post"}],"author":[{"embeddable":true,"href":"https:\/\/sw-osterfeine.de\/index.php?rest_route=\/wp\/v2\/users\/3"}],"replies":[{"embeddable":true,"href":"https:\/\/sw-osterfeine.de\/index.php?rest_route=%2Fwp%2Fv2%2Fcomments&post=27540"}],"version-history":[{"count":3,"href":"https:\/\/sw-osterfeine.de\/index.php?rest_route=\/wp\/v2\/posts\/27540\/revisions"}],"predecessor-version":[{"id":27543,"href":"https:\/\/sw-osterfeine.de\/index.php?rest_route=\/wp\/v2\/posts\/27540\/revisions\/27543"}],"wp:attachment":[{"href":"https:\/\/sw-osterfeine.de\/index.php?rest_route=%2Fwp%2Fv2%2Fmedia&parent=27540"}],"wp:term":[{"taxonomy":"category","embeddable":true,"href":"https:\/\/sw-osterfeine.de\/index.php?rest_route=%2Fwp%2Fv2%2Fcategories&post=27540"},{"taxonomy":"post_tag","embeddable":true,"href":"https:\/\/sw-osterfeine.de\/index.php?rest_route=%2Fwp%2Fv2%2Ftags&post=27540"}],"curies":[{"name":"wp","href":"https:\/\/api.w.org\/{rel}","templated":true}]}}