{"id":27559,"date":"2020-11-16T10:05:56","date_gmt":"2020-11-16T09:05:56","guid":{"rendered":"https:\/\/sw-osterfeine.de\/?p=27559"},"modified":"2020-11-16T10:05:56","modified_gmt":"2020-11-16T09:05:56","slug":"osv-legenden-im-rueckspiegel-heute-annette-witte","status":"publish","type":"post","link":"https:\/\/sw-osterfeine.de\/?p=27559","title":{"rendered":"OSV-Legenden im R\u00fcckspiegel! Heute: Annette Witte"},"content":{"rendered":"\n<p>\u00a0<\/p>\n<p>Name: <strong>Annette Witte <\/strong>(Handball-Ikone im OSV)<\/p>\n<p>\u00a0<\/p>\n<ol>\n<li>Seit wann bist Du OSV-Mitglied?<\/li>\n<\/ol>\n<p><em>Seit 1974.<\/em><\/p>\n<p>\u00a0<\/p>\n<ol start=\"2\">\n<li>Beschreibe kurz Deine OSV-Laufbahn in ein paar Worten:<\/li>\n<\/ol>\n<p><em>1974 Hallenbau fertig, B-Jugend Handball angefangen (Trainerin Christiane Eicke geb. Gottke-Haskamp), dann A-Jugend bis in die Damen, das Tor geteilt mit Gerda Stuckert, 1978 Aufstieg in die Kreisliga (Super Leistung!), 1980 Wechsel zum PSV Osnabr\u00fcck (In dieser Zeit wurde Handball in Osterfeine eher \u201eklein geschrieben\u201c!), bis 1992 in Osnabr\u00fcck gespielt, dann hat Andreas Knochenwefel mich zur\u00fcck geholt, ab dann mit der 1. Damen immer Bezirksliga gespielt, zwischendurch sollte noch unser 4. Kind auf die Welt kommen, aber Handball war fast zu wichtig! 1996 kam Maximilian auf die Welt. Danach ging es sofort wieder in das Tor. 2004 bin ich dann mit 45 Jahren aufgeh\u00f6rt. Zwischendurch habe ich nochmal bei der 2. Damen ausgeholfen.\u00a0\u00a0\u00a0\u00a0\u00a0\u00a0\u00a0\u00a0\u00a0\u00a0\u00a0\u00a0\u00a0\u00a0\u00a0\u00a0\u00a0\u00a0\u00a0\u00a0\u00a0\u00a0\u00a0\u00a0\u00a0\u00a0\u00a0\u00a0\u00a0\u00a0 <\/em><\/p>\n<p>\u00a0<\/p>\n<ol start=\"3\">\n<li>Was waren Deine sportlichen H\u00f6hepunkte im OSV?<\/li>\n<\/ol>\n<p><em>Sportlerin des Jahres 1994<\/em><\/p>\n<p>\u00a0<\/p>\n<ol start=\"4\">\n<li>Welcher OSV-Weggef\u00e4hrte (z. B. Trainer oder Mitspieler) ist Dir besonders in Erinnerung geblieben und warum?<\/li>\n<\/ol>\n<p><em>Horst Podszuweit = Da konnte keiner mehr Handball spielen, weil er alles \u201eumkrempelte\u201c!<\/em><\/p>\n<p><em>\u201eFrosch\u201c Backhaus<\/em><\/p>\n<p><em>Mecky Fangmann = Bei einem A-Jugend in Lohne hatten wir Ansto\u00df. Mecky bekommt den Ball und rennt in die falsche Richtung auf mein Tor zu. Ich war ganz verdutzt und war wie angewurzelt. Mecky wirft ins Tor\u2026..1:0 f\u00fcr Lohne! <\/em><\/p>\n<p>\u00a0<\/p>\n<ol start=\"5\">\n<li>In welcher Funktion erlebst Du heute den OSV?<\/li>\n<\/ol>\n<p><em>Einige Jahre als Abteilungsleiterin. Heute aktiv in der R\u00fcckenschule oder beim Bauch-Beine-Po.<\/em><\/p>\n<p>\u00a0<\/p>\n<ol start=\"6\">\n<li>Was hat bei Dir auf dem Weg zu einem Profisportler\/Bundesligaspieler gefehlt?<\/li>\n<\/ol>\n<p>\u2610 Talent<\/p>\n<p>\u2610 Einstellung<\/p>\n<p>\u2610 Technik<\/p>\n<p>\u2610 Ausdauer<\/p>\n<p>\u2610 Trainingsmaterial<\/p>\n<p>\u2610 Freizeitgestaltung<\/p>\n<p>\u2610 Sonstiges __________________________________ <em>Nichts! Ich habe in Osnabr\u00fcck ganz viel gelernt und ich bin gerne wieder zur\u00fcckgekommen. Ich habe immer noch gute Kontakte zu ehemaligen Weggef\u00e4hrtinnen, auch zu den Osnabr\u00fccker Damen!<\/em><\/p>\n<p>\u00a0\u00a0\u00a0\u00a0\u00a0\u00a0<\/p>\n<p>Danke f\u00fcr Deine Teilnahme!<\/p>\n<p>\u00a0<\/p>\n","protected":false},"excerpt":{"rendered":"<p>\u00a0 Name: Annette Witte (Handball-Ikone im OSV) \u00a0 Seit wann bist Du OSV-Mitglied? Seit 1974. \u00a0 Beschreibe kurz Deine OSV-Laufbahn in ein paar Worten: 1974 Hallenbau fertig, B-Jugend Handball angefangen (Trainerin Christiane Eicke geb. Gottke-Haskamp), dann A-Jugend bis in die Damen, das Tor geteilt mit Gerda Stuckert, 1978 Aufstieg in die Kreisliga (Super Leistung!), 1980 [&hellip;]<\/p>\n","protected":false},"author":3,"featured_media":0,"comment_status":"closed","ping_status":"closed","sticky":false,"template":"","format":"standard","meta":{"footnotes":""},"categories":[37],"tags":[],"_links":{"self":[{"href":"https:\/\/sw-osterfeine.de\/index.php?rest_route=\/wp\/v2\/posts\/27559"}],"collection":[{"href":"https:\/\/sw-osterfeine.de\/index.php?rest_route=\/wp\/v2\/posts"}],"about":[{"href":"https:\/\/sw-osterfeine.de\/index.php?rest_route=\/wp\/v2\/types\/post"}],"author":[{"embeddable":true,"href":"https:\/\/sw-osterfeine.de\/index.php?rest_route=\/wp\/v2\/users\/3"}],"replies":[{"embeddable":true,"href":"https:\/\/sw-osterfeine.de\/index.php?rest_route=%2Fwp%2Fv2%2Fcomments&post=27559"}],"version-history":[{"count":2,"href":"https:\/\/sw-osterfeine.de\/index.php?rest_route=\/wp\/v2\/posts\/27559\/revisions"}],"predecessor-version":[{"id":27561,"href":"https:\/\/sw-osterfeine.de\/index.php?rest_route=\/wp\/v2\/posts\/27559\/revisions\/27561"}],"wp:attachment":[{"href":"https:\/\/sw-osterfeine.de\/index.php?rest_route=%2Fwp%2Fv2%2Fmedia&parent=27559"}],"wp:term":[{"taxonomy":"category","embeddable":true,"href":"https:\/\/sw-osterfeine.de\/index.php?rest_route=%2Fwp%2Fv2%2Fcategories&post=27559"},{"taxonomy":"post_tag","embeddable":true,"href":"https:\/\/sw-osterfeine.de\/index.php?rest_route=%2Fwp%2Fv2%2Ftags&post=27559"}],"curies":[{"name":"wp","href":"https:\/\/api.w.org\/{rel}","templated":true}]}}