{"id":27693,"date":"2021-01-29T15:06:30","date_gmt":"2021-01-29T14:06:30","guid":{"rendered":"https:\/\/sw-osterfeine.de\/?p=27693"},"modified":"2021-01-29T15:09:57","modified_gmt":"2021-01-29T14:09:57","slug":"danke-an-sponsor","status":"publish","type":"post","link":"https:\/\/sw-osterfeine.de\/?p=27693","title":{"rendered":"Danke an Sponsor"},"content":{"rendered":"\n<p>Die 1. Damen bedankt sich bei Sponsor Klemens Kreymborg von der Firma Sonac f\u00fcr die neuen Aufw\u00e4rmshirts. Auch, wenn wir sie in der aktuellen Situation noch nicht beim Spiel oder Training tragen k\u00f6nnen, werden sie flei\u00dfig beim Homeworkout getragen!<\/p>\n<p>Vielen Dank f\u00fcr die langj\u00e4hrige Unterst\u00fctzung, Klemens!<\/p>\n<p>Die 1. Damen<\/p>\n<p><a href=\"https:\/\/sw-osterfeine.de\/wp-content\/uploads\/2021\/01\/IMG_0314.jpg\" data-rel=\"lightbox-image-0\" data-rl_title=\"\" data-rl_caption=\"\" title=\"\">\u00a0\u00a0\u00a0\u00a0\u00a0\u00a0\u00a0\u00a0\u00a0\u00a0\u00a0\u00a0\u00a0\u00a0\u00a0\u00a0\u00a0\u00a0\u00a0\u00a0\u00a0\u00a0\u00a0\u00a0\u00a0\u00a0\u00a0\u00a0\u00a0\u00a0\u00a0\u00a0\u00a0\u00a0\u00a0\u00a0\u00a0\u00a0\u00a0\u00a0\u00a0\u00a0 <img loading=\"lazy\" decoding=\"async\" class=\"alignnone wp-image-27694 size-medium\" src=\"https:\/\/sw-osterfeine.de\/wp-content\/uploads\/2021\/01\/IMG_0314-300x225.jpg\" alt=\"\" width=\"300\" height=\"225\" srcset=\"https:\/\/sw-osterfeine.de\/wp-content\/uploads\/2021\/01\/IMG_0314-300x225.jpg 300w, https:\/\/sw-osterfeine.de\/wp-content\/uploads\/2021\/01\/IMG_0314-1024x768.jpg 1024w, https:\/\/sw-osterfeine.de\/wp-content\/uploads\/2021\/01\/IMG_0314-768x576.jpg 768w, https:\/\/sw-osterfeine.de\/wp-content\/uploads\/2021\/01\/IMG_0314-1536x1152.jpg 1536w, https:\/\/sw-osterfeine.de\/wp-content\/uploads\/2021\/01\/IMG_0314-2048x1536.jpg 2048w\" sizes=\"(max-width: 300px) 100vw, 300px\" \/><\/a><\/p>\n<p>\u00a0<\/p>\n","protected":false},"excerpt":{"rendered":"<p>Die 1. Damen bedankt sich bei Sponsor Klemens Kreymborg von der Firma Sonac f\u00fcr die neuen Aufw\u00e4rmshirts. Auch, wenn wir sie in der aktuellen Situation noch nicht beim Spiel oder Training tragen k\u00f6nnen, werden sie flei\u00dfig beim Homeworkout getragen! Vielen Dank f\u00fcr die langj\u00e4hrige Unterst\u00fctzung, Klemens! Die 1. Damen \u00a0\u00a0\u00a0\u00a0\u00a0\u00a0\u00a0\u00a0\u00a0\u00a0\u00a0\u00a0\u00a0\u00a0\u00a0\u00a0\u00a0\u00a0\u00a0\u00a0\u00a0\u00a0\u00a0\u00a0\u00a0\u00a0\u00a0\u00a0\u00a0\u00a0\u00a0\u00a0\u00a0\u00a0\u00a0\u00a0\u00a0\u00a0\u00a0\u00a0\u00a0\u00a0 \u00a0<\/p>\n","protected":false},"author":3,"featured_media":0,"comment_status":"closed","ping_status":"closed","sticky":false,"template":"","format":"standard","meta":{"footnotes":""},"categories":[1],"tags":[],"_links":{"self":[{"href":"https:\/\/sw-osterfeine.de\/index.php?rest_route=\/wp\/v2\/posts\/27693"}],"collection":[{"href":"https:\/\/sw-osterfeine.de\/index.php?rest_route=\/wp\/v2\/posts"}],"about":[{"href":"https:\/\/sw-osterfeine.de\/index.php?rest_route=\/wp\/v2\/types\/post"}],"author":[{"embeddable":true,"href":"https:\/\/sw-osterfeine.de\/index.php?rest_route=\/wp\/v2\/users\/3"}],"replies":[{"embeddable":true,"href":"https:\/\/sw-osterfeine.de\/index.php?rest_route=%2Fwp%2Fv2%2Fcomments&post=27693"}],"version-history":[{"count":3,"href":"https:\/\/sw-osterfeine.de\/index.php?rest_route=\/wp\/v2\/posts\/27693\/revisions"}],"predecessor-version":[{"id":27697,"href":"https:\/\/sw-osterfeine.de\/index.php?rest_route=\/wp\/v2\/posts\/27693\/revisions\/27697"}],"wp:attachment":[{"href":"https:\/\/sw-osterfeine.de\/index.php?rest_route=%2Fwp%2Fv2%2Fmedia&parent=27693"}],"wp:term":[{"taxonomy":"category","embeddable":true,"href":"https:\/\/sw-osterfeine.de\/index.php?rest_route=%2Fwp%2Fv2%2Fcategories&post=27693"},{"taxonomy":"post_tag","embeddable":true,"href":"https:\/\/sw-osterfeine.de\/index.php?rest_route=%2Fwp%2Fv2%2Ftags&post=27693"}],"curies":[{"name":"wp","href":"https:\/\/api.w.org\/{rel}","templated":true}]}}