{"id":27699,"date":"2021-02-21T08:26:32","date_gmt":"2021-02-21T07:26:32","guid":{"rendered":"https:\/\/sw-osterfeine.de\/?p=27699"},"modified":"2021-02-21T08:26:32","modified_gmt":"2021-02-21T07:26:32","slug":"osv-news-osv-news-osv-news-osv-news-2","status":"publish","type":"post","link":"https:\/\/sw-osterfeine.de\/?p=27699","title":{"rendered":"OSV-News!! OSV-News!! OSV-News!! OSV-News"},"content":{"rendered":"\n<div class=\"page\" data-page-number=\"1\" data-loaded=\"true\">\n<div class=\"textLayer\">Heinz Rawe trainiert auch in der Spielserie 21\/22 die Handballdamen von SW Osterfeine I. Nach dem Saisonabbruch im Handball spielen unsere Damen auch in derkommenden Saison in der Landesliga. F\u00fcr diese Klasse hatte sich unsere Mannschaft im vergangenen Jahr durch ihren Aufstieg qualifiziert. Wir w\u00fcnschen Heinz und den Damen, dass es in n\u00e4chster Zeit wenigstens zum Training oder zu Freundschaftsspielen in der OSV-Sporthalle reicht und dass es im September ganz normal mit der neuen Serie weitergeht.<\/div>\n<div>\u00a0<\/div>\n<div class=\"textLayer\">Ebenso abgesagt wurde zum 2. Mal in Folge die Skifreizeit von SW Osterfeine nach \u00d6sterreich. Obwohl Abteilungsleiter Christof Macke wieder alles top organisiert hatte, machte den vorfreudigen Skifahrern Corona erneut einen Strich durch die Rechnung. Liebe Skifahrer, lasst den Kopf nicht h\u00e4ngen: Vielleicht klappt es im n\u00e4chsten Jahr.<\/div>\n<div>\u00a0<\/div>\n<div class=\"textLayer\">Zugesagt hat auch wieder unser F\u00fchrungsteam f\u00fcr unsere Dritte und Vierte: Julian Heye-Enneking und Felix gr. Hackmann zeichnen unver\u00e4ndert in 21\/22 f\u00fcr die Dritte verantwortliche und Michael Riesenbeck und Matthias Pohlschneider f\u00fcr SW Osterfeine IV. Euch allen Danke f\u00fcr die Zusage und ein noch gr\u00f6\u00dferes Danke f\u00fcr die lockere und harmonische Zusammenarbeit. Euch mit Euren Mannschaften viel Spa\u00df in der Serie 2021\/22.\n<div class=\"endOfContent active\">\u00a0<\/div>\n<\/div>\n<\/div>\n<div class=\"page\" data-page-number=\"2\" data-loaded=\"true\">\n<div class=\"canvasWrapper\">\u00a0<\/div>\n<div class=\"textLayer\">Trotz der Coronakrise sind viele Mannschaften und Gruppen im Homeoffice aktiv. Neben dem \u201eGRO\u00dfEN LAUFEN\u201c in allen Gruppen, sind viele Teams unter der Trainingsanleitung ihrer Trainer im Wohnzimmer, im B\u00fcro, im Kinderzimmer, in der K\u00fcche, im Keller oder auf dem Dachboden aktiv. Alle erdenklichen Einrichtungsgegenst\u00e4nde werden zudem zum Training in Anspruch genommen, um fit zu sein, wenn es mit dem richtigen Sport wieder losgeht. Ein gro\u00dfes Lob an alle Trainer f\u00fcr Euer Engagement und Euer Ideenreichtum.<\/div>\n<div>\u00a0<\/div>\n<div class=\"textLayer\">Eine gro\u00dfartige Beteiligung erfuhr am Samstag wieder der ehrenamtliche Arbeitseinsatz beim Sportplatz in Osterfeine.Gr\u00e4ben f\u00fcr Leitungen mussten ausgehoben werden, der 52 Jahre alte Zaun wurde flachgelegt und entsorgt und viele weitere Arbeiten waren zu erledigen. Vorstandsmitglieder, Trainer aus dem Senioren- und Jugendbereich, Spieler von SW Osterfeine I, der A- und C-Jugend usw. Viele Sportler legten ehrenamtlich Hand an. Danke Euch allen f\u00fcr die Hilfe!! Ein besonderer Dank geht an unseren j\u00fcngsten Nachwuchs, der flei\u00dfig mithalf, wie auch die folgenden Bilder zeigen:<\/div>\n<\/div>\n<div>\u00a0<\/div>\n<div>\u00a0<\/div>\n<div class=\"page\" data-page-number=\"2\" data-loaded=\"true\">\n<div class=\"textLayer\"><a href=\"https:\/\/sw-osterfeine.de\/wp-content\/uploads\/2021\/02\/Arbeitseinsatz-1.jpg\" data-rel=\"lightbox-image-0\" data-rl_title=\"\" data-rl_caption=\"\" title=\"\"><img loading=\"lazy\" decoding=\"async\" class=\"alignnone  wp-image-27700\" src=\"https:\/\/sw-osterfeine.de\/wp-content\/uploads\/2021\/02\/Arbeitseinsatz-1.jpg\" alt=\"\" width=\"295\" height=\"394\" srcset=\"https:\/\/sw-osterfeine.de\/wp-content\/uploads\/2021\/02\/Arbeitseinsatz-1.jpg 768w, https:\/\/sw-osterfeine.de\/wp-content\/uploads\/2021\/02\/Arbeitseinsatz-1-225x300.jpg 225w\" sizes=\"(max-width: 295px) 100vw, 295px\" \/><\/a> <a href=\"https:\/\/sw-osterfeine.de\/wp-content\/uploads\/2021\/02\/Arbeitseinsatz-2.jpg\" data-rel=\"lightbox-image-1\" data-rl_title=\"\" data-rl_caption=\"\" title=\"\"><img loading=\"lazy\" decoding=\"async\" class=\"alignnone  wp-image-27701\" src=\"https:\/\/sw-osterfeine.de\/wp-content\/uploads\/2021\/02\/Arbeitseinsatz-2.jpg\" alt=\"\" width=\"300\" height=\"400\" srcset=\"https:\/\/sw-osterfeine.de\/wp-content\/uploads\/2021\/02\/Arbeitseinsatz-2.jpg 768w, https:\/\/sw-osterfeine.de\/wp-content\/uploads\/2021\/02\/Arbeitseinsatz-2-225x300.jpg 225w\" sizes=\"(max-width: 300px) 100vw, 300px\" \/><\/a> <a href=\"https:\/\/sw-osterfeine.de\/wp-content\/uploads\/2021\/02\/Arbeitseinsatz-3.jpg\" data-rel=\"lightbox-image-2\" data-rl_title=\"\" data-rl_caption=\"\" title=\"\"><img loading=\"lazy\" decoding=\"async\" class=\"alignnone  wp-image-27702\" src=\"https:\/\/sw-osterfeine.de\/wp-content\/uploads\/2021\/02\/Arbeitseinsatz-3.jpg\" alt=\"\" width=\"299\" height=\"398\" srcset=\"https:\/\/sw-osterfeine.de\/wp-content\/uploads\/2021\/02\/Arbeitseinsatz-3.jpg 768w, https:\/\/sw-osterfeine.de\/wp-content\/uploads\/2021\/02\/Arbeitseinsatz-3-225x300.jpg 225w\" sizes=\"(max-width: 299px) 100vw, 299px\" \/><\/a> <a href=\"https:\/\/sw-osterfeine.de\/wp-content\/uploads\/2021\/02\/Arbeitseinsatz-4.jpg\" data-rel=\"lightbox-image-3\" data-rl_title=\"\" data-rl_caption=\"\" title=\"\"><img loading=\"lazy\" decoding=\"async\" class=\"alignnone  wp-image-27703\" src=\"https:\/\/sw-osterfeine.de\/wp-content\/uploads\/2021\/02\/Arbeitseinsatz-4.jpg\" alt=\"\" width=\"300\" height=\"400\" srcset=\"https:\/\/sw-osterfeine.de\/wp-content\/uploads\/2021\/02\/Arbeitseinsatz-4.jpg 768w, https:\/\/sw-osterfeine.de\/wp-content\/uploads\/2021\/02\/Arbeitseinsatz-4-225x300.jpg 225w\" sizes=\"(max-width: 300px) 100vw, 300px\" \/><\/a> <a href=\"https:\/\/sw-osterfeine.de\/wp-content\/uploads\/2021\/02\/Arbeitseinsatz-5.jpg\" data-rel=\"lightbox-image-4\" data-rl_title=\"\" data-rl_caption=\"\" title=\"\"><img loading=\"lazy\" decoding=\"async\" class=\"alignnone  wp-image-27704\" src=\"https:\/\/sw-osterfeine.de\/wp-content\/uploads\/2021\/02\/Arbeitseinsatz-5.jpg\" alt=\"\" width=\"300\" height=\"400\" srcset=\"https:\/\/sw-osterfeine.de\/wp-content\/uploads\/2021\/02\/Arbeitseinsatz-5.jpg 768w, https:\/\/sw-osterfeine.de\/wp-content\/uploads\/2021\/02\/Arbeitseinsatz-5-225x300.jpg 225w\" sizes=\"(max-width: 300px) 100vw, 300px\" \/><\/a> <a href=\"https:\/\/sw-osterfeine.de\/wp-content\/uploads\/2021\/02\/Arbeitseinsatz-6.jpg\" data-rel=\"lightbox-image-5\" data-rl_title=\"\" data-rl_caption=\"\" title=\"\"><img loading=\"lazy\" decoding=\"async\" class=\"alignnone  wp-image-27705\" src=\"https:\/\/sw-osterfeine.de\/wp-content\/uploads\/2021\/02\/Arbeitseinsatz-6.jpg\" alt=\"\" width=\"300\" height=\"400\" srcset=\"https:\/\/sw-osterfeine.de\/wp-content\/uploads\/2021\/02\/Arbeitseinsatz-6.jpg 768w, https:\/\/sw-osterfeine.de\/wp-content\/uploads\/2021\/02\/Arbeitseinsatz-6-225x300.jpg 225w\" sizes=\"(max-width: 300px) 100vw, 300px\" \/><\/a> <a href=\"https:\/\/sw-osterfeine.de\/wp-content\/uploads\/2021\/02\/Arbeitseinsatz-7.jpg\" data-rel=\"lightbox-image-6\" data-rl_title=\"\" data-rl_caption=\"\" title=\"\"><img loading=\"lazy\" decoding=\"async\" class=\"alignnone  wp-image-27706\" src=\"https:\/\/sw-osterfeine.de\/wp-content\/uploads\/2021\/02\/Arbeitseinsatz-7.jpg\" alt=\"\" width=\"300\" height=\"400\" srcset=\"https:\/\/sw-osterfeine.de\/wp-content\/uploads\/2021\/02\/Arbeitseinsatz-7.jpg 768w, https:\/\/sw-osterfeine.de\/wp-content\/uploads\/2021\/02\/Arbeitseinsatz-7-225x300.jpg 225w\" sizes=\"(max-width: 300px) 100vw, 300px\" \/><\/a> <a href=\"https:\/\/sw-osterfeine.de\/wp-content\/uploads\/2021\/02\/Arbeitseinsatz-8.jpg\" data-rel=\"lightbox-image-7\" data-rl_title=\"\" data-rl_caption=\"\" title=\"\"><img loading=\"lazy\" decoding=\"async\" class=\"alignnone  wp-image-27707\" src=\"https:\/\/sw-osterfeine.de\/wp-content\/uploads\/2021\/02\/Arbeitseinsatz-8.jpg\" alt=\"\" width=\"301\" height=\"402\" srcset=\"https:\/\/sw-osterfeine.de\/wp-content\/uploads\/2021\/02\/Arbeitseinsatz-8.jpg 768w, https:\/\/sw-osterfeine.de\/wp-content\/uploads\/2021\/02\/Arbeitseinsatz-8-225x300.jpg 225w\" sizes=\"(max-width: 301px) 100vw, 301px\" \/><\/a> <a href=\"https:\/\/sw-osterfeine.de\/wp-content\/uploads\/2021\/02\/Arbeitseinsatz-9.jpg\" data-rel=\"lightbox-image-8\" data-rl_title=\"\" data-rl_caption=\"\" title=\"\"><img loading=\"lazy\" decoding=\"async\" class=\"alignnone  wp-image-27708\" src=\"https:\/\/sw-osterfeine.de\/wp-content\/uploads\/2021\/02\/Arbeitseinsatz-9.jpg\" alt=\"\" width=\"300\" height=\"400\" srcset=\"https:\/\/sw-osterfeine.de\/wp-content\/uploads\/2021\/02\/Arbeitseinsatz-9.jpg 768w, https:\/\/sw-osterfeine.de\/wp-content\/uploads\/2021\/02\/Arbeitseinsatz-9-225x300.jpg 225w\" sizes=\"(max-width: 300px) 100vw, 300px\" \/><\/a><\/div>\n<\/div>\n","protected":false},"excerpt":{"rendered":"<p>Heinz Rawe trainiert auch in der Spielserie 21\/22 die Handballdamen von SW Osterfeine I. Nach dem Saisonabbruch im Handball spielen unsere Damen auch in derkommenden Saison in der Landesliga. F\u00fcr diese Klasse hatte sich unsere Mannschaft im vergangenen Jahr durch ihren Aufstieg qualifiziert. Wir w\u00fcnschen Heinz und den Damen, dass es in n\u00e4chster Zeit wenigstens [&hellip;]<\/p>\n","protected":false},"author":3,"featured_media":0,"comment_status":"closed","ping_status":"closed","sticky":false,"template":"","format":"standard","meta":{"footnotes":""},"categories":[37],"tags":[],"_links":{"self":[{"href":"https:\/\/sw-osterfeine.de\/index.php?rest_route=\/wp\/v2\/posts\/27699"}],"collection":[{"href":"https:\/\/sw-osterfeine.de\/index.php?rest_route=\/wp\/v2\/posts"}],"about":[{"href":"https:\/\/sw-osterfeine.de\/index.php?rest_route=\/wp\/v2\/types\/post"}],"author":[{"embeddable":true,"href":"https:\/\/sw-osterfeine.de\/index.php?rest_route=\/wp\/v2\/users\/3"}],"replies":[{"embeddable":true,"href":"https:\/\/sw-osterfeine.de\/index.php?rest_route=%2Fwp%2Fv2%2Fcomments&post=27699"}],"version-history":[{"count":2,"href":"https:\/\/sw-osterfeine.de\/index.php?rest_route=\/wp\/v2\/posts\/27699\/revisions"}],"predecessor-version":[{"id":27710,"href":"https:\/\/sw-osterfeine.de\/index.php?rest_route=\/wp\/v2\/posts\/27699\/revisions\/27710"}],"wp:attachment":[{"href":"https:\/\/sw-osterfeine.de\/index.php?rest_route=%2Fwp%2Fv2%2Fmedia&parent=27699"}],"wp:term":[{"taxonomy":"category","embeddable":true,"href":"https:\/\/sw-osterfeine.de\/index.php?rest_route=%2Fwp%2Fv2%2Fcategories&post=27699"},{"taxonomy":"post_tag","embeddable":true,"href":"https:\/\/sw-osterfeine.de\/index.php?rest_route=%2Fwp%2Fv2%2Ftags&post=27699"}],"curies":[{"name":"wp","href":"https:\/\/api.w.org\/{rel}","templated":true}]}}