{"id":27715,"date":"2021-03-07T15:27:10","date_gmt":"2021-03-07T14:27:10","guid":{"rendered":"https:\/\/sw-osterfeine.de\/?p=27715"},"modified":"2021-03-07T15:27:10","modified_gmt":"2021-03-07T14:27:10","slug":"der-osv-sport-im-maerz-2021-im-griff-von-corona","status":"publish","type":"post","link":"https:\/\/sw-osterfeine.de\/?p=27715","title":{"rendered":"Der OSV-Sport im M\u00e4rz 2021 im Griff von Corona!"},"content":{"rendered":"\n<p><strong>Der M\u00e4rz eines jeden Sportjahres ist immer ein wichtiger Monat f\u00fcr den OSV und seine Mitglieder. <\/strong><\/p>\n<p><strong>Auf der j\u00e4hrlichen Generalversammlung stellen sich die Mitglieder jeweils f\u00fcr das neue Jahr auf. Unsere Handballerinnen biegen im M\u00e4rz auf die Zielgerade im Spielbetrieb ein und unsere Fu\u00dfballabteilung nimmt nach der Winterpause mit Elan wieder den Outdoorspielbetrieb auf, usw, usw.<\/strong><\/p>\n<p><strong>Doch in Zeiten von Corona ist in diesem Jahr Vieles anders, aber es bedeutet nicht, dass der OSV im M\u00e4rz 2021 einen langen Winterschlaf nimmt.<\/strong><\/p>\n<p><strong>Nein, der Sportverein SW Osterfeine ist hellwach trotz Corona und hat auch in 2020 das Beste aus der Situation gemacht. Entgegen dem landl\u00e4ufigen Trend im Landkreis Vechta, im Land Niedersachsen und auch bundesweit konnte der OSV im vergangenen Jahr seine Mitgliederzahl nochmal um 35 Mitglieder steigern. Mit 1753 Mitgliedern ist Euer Sportverein aus Osterfeine und R\u00fcschendorf im gesamten Kreisgebiet die Nummer 4. Bei einem Einzugsgebiet von max. 3000 Einwohnern ist diese Mitgliederzahl herausragend und einzigartig. Ein Blick auf die folgende Tabelle zeigt die 10 gr\u00f6\u00dften Sportvereine im Kreis Vechta:<\/strong><\/p>\n<ol>\n<li><strong>TV Dinklage 4579<\/strong><\/li>\n<li><strong>BW Lohne 3357\u00a0\u00a0\u00a0\u00a0\u00a0\u00a0\u00a0\u00a0\u00a0\u00a0\u00a0\u00a0\u00a0 <\/strong><\/li>\n<li><strong>OSC Damme\u00a0 2808<\/strong><\/li>\n<li><strong><em><u>SW Osterfeine 1753<\/u><\/em><\/strong><\/li>\n<li><strong>SFN Vechta 1743<\/strong><\/li>\n<li><strong>RW Visbek 1603<\/strong><\/li>\n<li><strong>VFL Oythe 1420<\/strong><\/li>\n<li><strong>Falke Steinfeld 1409<\/strong><\/li>\n<li><strong>RW Damme 1167\u00a0 <\/strong><\/li>\n<li><strong>GW M\u00fchlen 1137<\/strong><\/li>\n<\/ol>\n<p><strong>\u00a0<\/strong><\/p>\n<p><strong>\u00a0<\/strong><strong>Die Anfang M\u00e4rz ausgefallene Generalversammlung wird sobald wie m\u00f6glich neu terminiert und nachgeholt. Bis dahin arbeiten alle Vorstandsmitglieder weiter wie bisher.<\/strong><\/p>\n<p><strong>In den letzten Monaten wurde und wird beim Sportplatzgel\u00e4nde mit Hochdruck an der baulichen Infrastruktur unseres Vereines gearbeitet.<\/strong><\/p>\n<p><strong>Merklich voran kommen derzeit die Arbeiten am Sportplatzgel\u00e4nde im Rahmen der Dorfsanierung. Die Parkpl\u00e4tze nehmen so langsam Formen und Gestalten an. Doch nicht nur die Parkpl\u00e4tze werden in einiger Zeit ein neues Gesicht haben:<\/strong><\/p>\n<p><strong>-Das alte Umkleidegeb\u00e4ude wird zeitnah mit einer neuen Schicht Verblender umgeben. So wird das Umkleidegeb\u00e4ude energetisch besser ausgestattet und das Erscheinungsbild vereinheitlicht. <\/strong><\/p>\n<p><strong>-Saniert werden hier auch die alten Fenster<\/strong><\/p>\n<p><strong>&#8211; Die mittlerweile 52 Jahre alten Treppenstufen vor dem Umkleidegeb\u00e4ude werden saniert und auch der ebenso alte Zaun entlang Platz I wird erneuert.<\/strong><\/p>\n<p><strong>&#8211; In Planung befindet sich eine PV-Anlage auf dem neuen Umkleidegeb\u00e4ude<\/strong><\/p>\n<p><strong>&#8211; Ebenso ist eine E-Ladestation f\u00fcr PKW in Vorbereitung<\/strong><\/p>\n<p><strong>&#8211; Ebenso in Angriff genommen werden soll die Installation einer Ergebnisanzeigetafel auf Platz I<\/strong><\/p>\n<p><strong>-Auf Platz I ist ferner die Installation einer Videokamera f\u00fcr die \u00dcbertragung der Punktspiele auf Platz I beabsichtigt.<\/strong><\/p>\n<p><strong>\u00a0<\/strong><\/p>\n<p><strong>Auch personell unternimmt der Sportverein SW Osterfeine Anstrengungen gut aufgestellt zu sein, wenn es mit dem Spiel- und Sportbetrieb wieder losgehen kann. Zum Sommer startet unsere Spielerin der I-Handballdamenmannschaft \u2013 Hanna Glandorf \u2013 ihr Freiwilliges Soziales Jahr beim OSV. Siehe hierzu auch das Portr\u00e4t von Hanna auf <em><u>Instagram!!!<\/u><\/em><\/strong><\/p>\n<p><strong>Derzeit laufen \u00dcberlegungen \u00fcber die Einstellung eines weiteren FSJlers, um unseren Mitgliedern eine noch bessere Betreuung zu bieten und um das Sportangebot noch auszuweiten. Hier halten wir Euch auf dem Laufenden.<\/strong><\/p>\n<p><strong>Sportlich haben sich mittlerweile zahlreiche Mannschaften und Gruppen mit Videosport fitgehalten. An 1. Stelle steht hier aber weiterhin der Ersatzlauf durch die Natur in Osterfeine und R\u00fcschendorf und umzu.<\/strong><\/p>\n<p><strong>Viele Trainer bieten weiterhin tolle Angebote f\u00fcr unsere Jungs und M\u00e4dchen, doch so langsam nimmt der Wunsch nach geregeltem Sport merklich zu. Hoffen wir, dass sich der Sportverein in den n\u00e4chsten Wochen wieder \u00f6ffnen darf f\u00fcr Indoor- und Outdoorsport statt PC. <\/strong><a href=\"https:\/\/sw-osterfeine.de\/wp-content\/uploads\/2021\/03\/Bild-2.jpg\" data-rel=\"lightbox-image-0\" data-rl_title=\"\" data-rl_caption=\"\" title=\"\"><img loading=\"lazy\" decoding=\"async\" class=\"alignnone  wp-image-27717\" src=\"https:\/\/sw-osterfeine.de\/wp-content\/uploads\/2021\/03\/Bild-2.jpg\" alt=\"\" width=\"300\" height=\"400\" srcset=\"https:\/\/sw-osterfeine.de\/wp-content\/uploads\/2021\/03\/Bild-2.jpg 768w, https:\/\/sw-osterfeine.de\/wp-content\/uploads\/2021\/03\/Bild-2-225x300.jpg 225w\" sizes=\"(max-width: 300px) 100vw, 300px\" \/><\/a> <a href=\"https:\/\/sw-osterfeine.de\/wp-content\/uploads\/2021\/03\/Bild-3.jpg\" data-rel=\"lightbox-image-1\" data-rl_title=\"\" data-rl_caption=\"\" title=\"\"><img loading=\"lazy\" decoding=\"async\" class=\"alignnone  wp-image-27718\" src=\"https:\/\/sw-osterfeine.de\/wp-content\/uploads\/2021\/03\/Bild-3.jpg\" alt=\"\" width=\"300\" height=\"400\" srcset=\"https:\/\/sw-osterfeine.de\/wp-content\/uploads\/2021\/03\/Bild-3.jpg 768w, https:\/\/sw-osterfeine.de\/wp-content\/uploads\/2021\/03\/Bild-3-225x300.jpg 225w\" sizes=\"(max-width: 300px) 100vw, 300px\" \/><\/a> <a href=\"https:\/\/sw-osterfeine.de\/wp-content\/uploads\/2021\/03\/Bild-4.jpg\" data-rel=\"lightbox-image-2\" data-rl_title=\"\" data-rl_caption=\"\" title=\"\"><img loading=\"lazy\" decoding=\"async\" class=\"alignnone  wp-image-27719\" src=\"https:\/\/sw-osterfeine.de\/wp-content\/uploads\/2021\/03\/Bild-4.jpg\" alt=\"\" width=\"300\" height=\"400\" srcset=\"https:\/\/sw-osterfeine.de\/wp-content\/uploads\/2021\/03\/Bild-4.jpg 768w, https:\/\/sw-osterfeine.de\/wp-content\/uploads\/2021\/03\/Bild-4-225x300.jpg 225w\" sizes=\"(max-width: 300px) 100vw, 300px\" \/><\/a> <a href=\"https:\/\/sw-osterfeine.de\/wp-content\/uploads\/2021\/03\/Bild-5.jpg\" data-rel=\"lightbox-image-3\" data-rl_title=\"\" data-rl_caption=\"\" title=\"\"><img loading=\"lazy\" decoding=\"async\" class=\"alignnone  wp-image-27720\" src=\"https:\/\/sw-osterfeine.de\/wp-content\/uploads\/2021\/03\/Bild-5.jpg\" alt=\"\" width=\"300\" height=\"400\" srcset=\"https:\/\/sw-osterfeine.de\/wp-content\/uploads\/2021\/03\/Bild-5.jpg 768w, https:\/\/sw-osterfeine.de\/wp-content\/uploads\/2021\/03\/Bild-5-225x300.jpg 225w\" sizes=\"(max-width: 300px) 100vw, 300px\" \/><\/a> <a href=\"https:\/\/sw-osterfeine.de\/wp-content\/uploads\/2021\/03\/Bild-6.jpg\" data-rel=\"lightbox-image-4\" data-rl_title=\"\" data-rl_caption=\"\" title=\"\"><img loading=\"lazy\" decoding=\"async\" class=\"alignnone  wp-image-27721\" src=\"https:\/\/sw-osterfeine.de\/wp-content\/uploads\/2021\/03\/Bild-6.jpg\" alt=\"\" width=\"300\" height=\"400\" srcset=\"https:\/\/sw-osterfeine.de\/wp-content\/uploads\/2021\/03\/Bild-6.jpg 768w, https:\/\/sw-osterfeine.de\/wp-content\/uploads\/2021\/03\/Bild-6-225x300.jpg 225w\" sizes=\"(max-width: 300px) 100vw, 300px\" \/><\/a> <a href=\"https:\/\/sw-osterfeine.de\/wp-content\/uploads\/2021\/03\/Bild-7.jpg\" data-rel=\"lightbox-image-5\" data-rl_title=\"\" data-rl_caption=\"\" title=\"\"><img loading=\"lazy\" decoding=\"async\" class=\"alignnone  wp-image-27722\" src=\"https:\/\/sw-osterfeine.de\/wp-content\/uploads\/2021\/03\/Bild-7.jpg\" alt=\"\" width=\"300\" height=\"400\" srcset=\"https:\/\/sw-osterfeine.de\/wp-content\/uploads\/2021\/03\/Bild-7.jpg 768w, https:\/\/sw-osterfeine.de\/wp-content\/uploads\/2021\/03\/Bild-7-225x300.jpg 225w\" sizes=\"(max-width: 300px) 100vw, 300px\" \/><\/a> <a href=\"https:\/\/sw-osterfeine.de\/wp-content\/uploads\/2021\/03\/Bild-8.jpg\" data-rel=\"lightbox-image-6\" data-rl_title=\"\" data-rl_caption=\"\" title=\"\"><img loading=\"lazy\" decoding=\"async\" class=\"alignnone  wp-image-27723\" src=\"https:\/\/sw-osterfeine.de\/wp-content\/uploads\/2021\/03\/Bild-8.jpg\" alt=\"\" width=\"300\" height=\"400\" srcset=\"https:\/\/sw-osterfeine.de\/wp-content\/uploads\/2021\/03\/Bild-8.jpg 768w, https:\/\/sw-osterfeine.de\/wp-content\/uploads\/2021\/03\/Bild-8-225x300.jpg 225w\" sizes=\"(max-width: 300px) 100vw, 300px\" \/><\/a> <a href=\"https:\/\/sw-osterfeine.de\/wp-content\/uploads\/2021\/03\/Bild-9.jpg\" data-rel=\"lightbox-image-7\" data-rl_title=\"\" data-rl_caption=\"\" title=\"\"><img loading=\"lazy\" decoding=\"async\" class=\"alignnone  wp-image-27724\" src=\"https:\/\/sw-osterfeine.de\/wp-content\/uploads\/2021\/03\/Bild-9.jpg\" alt=\"\" width=\"300\" height=\"400\" srcset=\"https:\/\/sw-osterfeine.de\/wp-content\/uploads\/2021\/03\/Bild-9.jpg 768w, https:\/\/sw-osterfeine.de\/wp-content\/uploads\/2021\/03\/Bild-9-225x300.jpg 225w\" sizes=\"(max-width: 300px) 100vw, 300px\" \/><\/a> <a href=\"https:\/\/sw-osterfeine.de\/wp-content\/uploads\/2021\/03\/Bild-10.jpg\" data-rel=\"lightbox-image-8\" data-rl_title=\"\" data-rl_caption=\"\" title=\"\"><img loading=\"lazy\" decoding=\"async\" class=\"alignnone  wp-image-27725\" src=\"https:\/\/sw-osterfeine.de\/wp-content\/uploads\/2021\/03\/Bild-10.jpg\" alt=\"\" width=\"299\" height=\"399\" srcset=\"https:\/\/sw-osterfeine.de\/wp-content\/uploads\/2021\/03\/Bild-10.jpg 768w, https:\/\/sw-osterfeine.de\/wp-content\/uploads\/2021\/03\/Bild-10-225x300.jpg 225w\" sizes=\"(max-width: 299px) 100vw, 299px\" \/><\/a> <a href=\"https:\/\/sw-osterfeine.de\/wp-content\/uploads\/2021\/03\/Bild-11.jpg\" data-rel=\"lightbox-image-9\" data-rl_title=\"\" data-rl_caption=\"\" title=\"\"><img loading=\"lazy\" decoding=\"async\" class=\"alignnone  wp-image-27726\" src=\"https:\/\/sw-osterfeine.de\/wp-content\/uploads\/2021\/03\/Bild-11.jpg\" alt=\"\" width=\"300\" height=\"400\" srcset=\"https:\/\/sw-osterfeine.de\/wp-content\/uploads\/2021\/03\/Bild-11.jpg 768w, https:\/\/sw-osterfeine.de\/wp-content\/uploads\/2021\/03\/Bild-11-225x300.jpg 225w\" sizes=\"(max-width: 300px) 100vw, 300px\" \/><\/a> <a href=\"https:\/\/sw-osterfeine.de\/wp-content\/uploads\/2021\/03\/Bild-12.jpg\" data-rel=\"lightbox-image-10\" data-rl_title=\"\" data-rl_caption=\"\" title=\"\"><img loading=\"lazy\" decoding=\"async\" class=\"alignnone  wp-image-27727\" src=\"https:\/\/sw-osterfeine.de\/wp-content\/uploads\/2021\/03\/Bild-12.jpg\" alt=\"\" width=\"299\" height=\"399\" srcset=\"https:\/\/sw-osterfeine.de\/wp-content\/uploads\/2021\/03\/Bild-12.jpg 768w, https:\/\/sw-osterfeine.de\/wp-content\/uploads\/2021\/03\/Bild-12-225x300.jpg 225w\" sizes=\"(max-width: 299px) 100vw, 299px\" \/><\/a> <a href=\"https:\/\/sw-osterfeine.de\/wp-content\/uploads\/2021\/03\/Bild-13.jpg\" data-rel=\"lightbox-image-11\" data-rl_title=\"\" data-rl_caption=\"\" title=\"\"><img loading=\"lazy\" decoding=\"async\" class=\"alignnone  wp-image-27728\" src=\"https:\/\/sw-osterfeine.de\/wp-content\/uploads\/2021\/03\/Bild-13.jpg\" alt=\"\" width=\"298\" height=\"397\" srcset=\"https:\/\/sw-osterfeine.de\/wp-content\/uploads\/2021\/03\/Bild-13.jpg 768w, https:\/\/sw-osterfeine.de\/wp-content\/uploads\/2021\/03\/Bild-13-225x300.jpg 225w\" sizes=\"(max-width: 298px) 100vw, 298px\" \/><\/a> <a href=\"https:\/\/sw-osterfeine.de\/wp-content\/uploads\/2021\/03\/Bild-14.jpg\" data-rel=\"lightbox-image-12\" data-rl_title=\"\" data-rl_caption=\"\" title=\"\"><img loading=\"lazy\" decoding=\"async\" class=\"alignnone  wp-image-27729\" src=\"https:\/\/sw-osterfeine.de\/wp-content\/uploads\/2021\/03\/Bild-14.jpg\" alt=\"\" width=\"301\" height=\"402\" srcset=\"https:\/\/sw-osterfeine.de\/wp-content\/uploads\/2021\/03\/Bild-14.jpg 768w, https:\/\/sw-osterfeine.de\/wp-content\/uploads\/2021\/03\/Bild-14-225x300.jpg 225w\" sizes=\"(max-width: 301px) 100vw, 301px\" \/><\/a><\/p>\n","protected":false},"excerpt":{"rendered":"<p>Der M\u00e4rz eines jeden Sportjahres ist immer ein wichtiger Monat f\u00fcr den OSV und seine Mitglieder. Auf der j\u00e4hrlichen Generalversammlung stellen sich die Mitglieder jeweils f\u00fcr das neue Jahr auf. Unsere Handballerinnen biegen im M\u00e4rz auf die Zielgerade im Spielbetrieb ein und unsere Fu\u00dfballabteilung nimmt nach der Winterpause mit Elan wieder den Outdoorspielbetrieb auf, usw, [&hellip;]<\/p>\n","protected":false},"author":3,"featured_media":0,"comment_status":"closed","ping_status":"closed","sticky":false,"template":"","format":"standard","meta":{"footnotes":""},"categories":[37],"tags":[],"_links":{"self":[{"href":"https:\/\/sw-osterfeine.de\/index.php?rest_route=\/wp\/v2\/posts\/27715"}],"collection":[{"href":"https:\/\/sw-osterfeine.de\/index.php?rest_route=\/wp\/v2\/posts"}],"about":[{"href":"https:\/\/sw-osterfeine.de\/index.php?rest_route=\/wp\/v2\/types\/post"}],"author":[{"embeddable":true,"href":"https:\/\/sw-osterfeine.de\/index.php?rest_route=\/wp\/v2\/users\/3"}],"replies":[{"embeddable":true,"href":"https:\/\/sw-osterfeine.de\/index.php?rest_route=%2Fwp%2Fv2%2Fcomments&post=27715"}],"version-history":[{"count":2,"href":"https:\/\/sw-osterfeine.de\/index.php?rest_route=\/wp\/v2\/posts\/27715\/revisions"}],"predecessor-version":[{"id":27731,"href":"https:\/\/sw-osterfeine.de\/index.php?rest_route=\/wp\/v2\/posts\/27715\/revisions\/27731"}],"wp:attachment":[{"href":"https:\/\/sw-osterfeine.de\/index.php?rest_route=%2Fwp%2Fv2%2Fmedia&parent=27715"}],"wp:term":[{"taxonomy":"category","embeddable":true,"href":"https:\/\/sw-osterfeine.de\/index.php?rest_route=%2Fwp%2Fv2%2Fcategories&post=27715"},{"taxonomy":"post_tag","embeddable":true,"href":"https:\/\/sw-osterfeine.de\/index.php?rest_route=%2Fwp%2Fv2%2Ftags&post=27715"}],"curies":[{"name":"wp","href":"https:\/\/api.w.org\/{rel}","templated":true}]}}