{"id":27732,"date":"2021-03-08T08:03:38","date_gmt":"2021-03-08T07:03:38","guid":{"rendered":"https:\/\/sw-osterfeine.de\/?p=27732"},"modified":"2021-03-08T08:03:38","modified_gmt":"2021-03-08T07:03:38","slug":"ferienbetreuung-in-den-osterferien-faellt-aus","status":"publish","type":"post","link":"https:\/\/sw-osterfeine.de\/?p=27732","title":{"rendered":"Ferienbetreuung in den Osterferien f\u00e4llt aus!!"},"content":{"rendered":"\n<p>Hoffentlich zum letzten Mal muss die beliebte sportliche Ferienbetreuung des OSV ausfallen. Die in den Osterferien vom 29.3. bis 1.4.2021 geplante Ma\u00dfnahme f\u00e4llt den aktuellen Coronavorschriften zum Opfer. Der Sportverein bittet um Euer Verst\u00e4ndnis und hofft nun umso mehr auf die Ferienbetreuung in den Sommerferien.<\/p>\n","protected":false},"excerpt":{"rendered":"<p>Hoffentlich zum letzten Mal muss die beliebte sportliche Ferienbetreuung des OSV ausfallen. Die in den Osterferien vom 29.3. bis 1.4.2021 geplante Ma\u00dfnahme f\u00e4llt den aktuellen Coronavorschriften zum Opfer. Der Sportverein bittet um Euer Verst\u00e4ndnis und hofft nun umso mehr auf die Ferienbetreuung in den Sommerferien.<\/p>\n","protected":false},"author":3,"featured_media":0,"comment_status":"closed","ping_status":"closed","sticky":false,"template":"","format":"standard","meta":{"footnotes":""},"categories":[37],"tags":[],"_links":{"self":[{"href":"https:\/\/sw-osterfeine.de\/index.php?rest_route=\/wp\/v2\/posts\/27732"}],"collection":[{"href":"https:\/\/sw-osterfeine.de\/index.php?rest_route=\/wp\/v2\/posts"}],"about":[{"href":"https:\/\/sw-osterfeine.de\/index.php?rest_route=\/wp\/v2\/types\/post"}],"author":[{"embeddable":true,"href":"https:\/\/sw-osterfeine.de\/index.php?rest_route=\/wp\/v2\/users\/3"}],"replies":[{"embeddable":true,"href":"https:\/\/sw-osterfeine.de\/index.php?rest_route=%2Fwp%2Fv2%2Fcomments&post=27732"}],"version-history":[{"count":1,"href":"https:\/\/sw-osterfeine.de\/index.php?rest_route=\/wp\/v2\/posts\/27732\/revisions"}],"predecessor-version":[{"id":27733,"href":"https:\/\/sw-osterfeine.de\/index.php?rest_route=\/wp\/v2\/posts\/27732\/revisions\/27733"}],"wp:attachment":[{"href":"https:\/\/sw-osterfeine.de\/index.php?rest_route=%2Fwp%2Fv2%2Fmedia&parent=27732"}],"wp:term":[{"taxonomy":"category","embeddable":true,"href":"https:\/\/sw-osterfeine.de\/index.php?rest_route=%2Fwp%2Fv2%2Fcategories&post=27732"},{"taxonomy":"post_tag","embeddable":true,"href":"https:\/\/sw-osterfeine.de\/index.php?rest_route=%2Fwp%2Fv2%2Ftags&post=27732"}],"curies":[{"name":"wp","href":"https:\/\/api.w.org\/{rel}","templated":true}]}}