{"id":27903,"date":"2021-06-03T12:17:22","date_gmt":"2021-06-03T10:17:22","guid":{"rendered":"https:\/\/sw-osterfeine.de\/?p=27903"},"modified":"2021-06-03T12:17:22","modified_gmt":"2021-06-03T10:17:22","slug":"sportlicher-re-start-der-storch-macht-platz-fuer-die-sportler-er-geht-aber-nicht-tatenlos","status":"publish","type":"post","link":"https:\/\/sw-osterfeine.de\/?p=27903","title":{"rendered":"Sportlicher Re-Start: Der Storch macht Platz f\u00fcr die Sportler! Er geht aber nicht tatenlos!"},"content":{"rendered":"\n<p>\u00a0<\/p>\n<p>Endlich lassen die Inzidenzen wieder die Aus\u00fcbung von sportlichen Gruppen-Aktivit\u00e4ten auf unserer Sportanlage zu! Das Sportler-Herz geht auf, wenn man vor allem den Kindern -ausgestattet mit einer hohen Motivation und Freude-\u00a0 beim Trainingsbetrieb zuschaut- siehe Foto!\u00a0<\/p>\n\n\t\t<style type=\"text\/css\">\n\t\t\t#gallery-1 {\n\t\t\t\tmargin: auto;\n\t\t\t}\n\t\t\t#gallery-1 .gallery-item {\n\t\t\t\tfloat: left;\n\t\t\t\tmargin-top: 10px;\n\t\t\t\ttext-align: center;\n\t\t\t\twidth: 33%;\n\t\t\t}\n\t\t\t#gallery-1 img {\n\t\t\t\tborder: 2px solid #cfcfcf;\n\t\t\t}\n\t\t\t#gallery-1 .gallery-caption {\n\t\t\t\tmargin-left: 0;\n\t\t\t}\n\t\t\t\/* see gallery_shortcode() in wp-includes\/media.php *\/\n\t\t<\/style>\n\t\t<div id='gallery-1' class='gallery galleryid-27903 gallery-columns-3 gallery-size-thumbnail'><dl class='gallery-item'>\n\t\t\t<dt class='gallery-icon landscape'>\n\t\t\t\t<a href='https:\/\/sw-osterfeine.de\/wp-content\/uploads\/2021\/06\/Sportplatz.jpg' title=\"\" data-rl_title=\"\" class=\"rl-gallery-link\" data-rl_caption=\"\" data-rel=\"lightbox-gallery-1\"><img loading=\"lazy\" decoding=\"async\" width=\"150\" height=\"150\" src=\"https:\/\/sw-osterfeine.de\/wp-content\/uploads\/2021\/06\/Sportplatz-150x150.jpg\" class=\"attachment-thumbnail size-thumbnail\" alt=\"\" \/><\/a>\n\t\t\t<\/dt><\/dl>\n\t\t\t<br style='clear: both' \/>\n\t\t<\/div>\n\n<p>\u00a0<\/p>\n<p>In den vergangenen Pandemie-Wochen hatten wir einen Gast auf unserem Sportgel\u00e4nde. Ein Storch gesellte sich regelm\u00e4\u00dfig auf unsere weitl\u00e4ufige Anlage und nutzte die ungewohnte Ruhe zur Nahrungssuche. Ob er sich hin und wieder auch sportlich ert\u00fcchtig hat, ist nicht belegt. Auf alle F\u00e4lle hat er bleibenden Eindruck hinterlassen. So nutzten diverse OSV-Sportler die Pandemie zur Familienplanung. Wir gratulieren an dieser Stelle Max Strieker (mit Anne), Michi Harpenau (mit Kathy) und Dawid Wadulla (mit Tine) zu ihren kommenden OSV-Nachw\u00fcchsen. Aber auch allen weiteren werdenden OSV-Eltern alles Gute. Der Sportverein freut sich schon jetzt auf talentierte Zukunfts-Talente!<\/p>\n\n\t\t<style type=\"text\/css\">\n\t\t\t#gallery-2 {\n\t\t\t\tmargin: auto;\n\t\t\t}\n\t\t\t#gallery-2 .gallery-item {\n\t\t\t\tfloat: left;\n\t\t\t\tmargin-top: 10px;\n\t\t\t\ttext-align: center;\n\t\t\t\twidth: 33%;\n\t\t\t}\n\t\t\t#gallery-2 img {\n\t\t\t\tborder: 2px solid #cfcfcf;\n\t\t\t}\n\t\t\t#gallery-2 .gallery-caption {\n\t\t\t\tmargin-left: 0;\n\t\t\t}\n\t\t\t\/* see gallery_shortcode() in wp-includes\/media.php *\/\n\t\t<\/style>\n\t\t<div id='gallery-2' class='gallery galleryid-27903 gallery-columns-3 gallery-size-thumbnail'><dl class='gallery-item'>\n\t\t\t<dt class='gallery-icon landscape'>\n\t\t\t\t<a href='https:\/\/sw-osterfeine.de\/wp-content\/uploads\/2021\/06\/Storch.jpg' title=\"\" data-rl_title=\"\" class=\"rl-gallery-link\" data-rl_caption=\"\" data-rel=\"lightbox-gallery-2\"><img loading=\"lazy\" decoding=\"async\" width=\"150\" height=\"150\" src=\"https:\/\/sw-osterfeine.de\/wp-content\/uploads\/2021\/06\/Storch-150x150.jpg\" class=\"attachment-thumbnail size-thumbnail\" alt=\"\" \/><\/a>\n\t\t\t<\/dt><\/dl>\n\t\t\t<br style='clear: both' \/>\n\t\t<\/div>\n\n<p>\u00a0\u00a0<\/p>\n<p>\u00a0<\/p>\n<p>\u00a0<\/p>\n","protected":false},"excerpt":{"rendered":"<p>\u00a0 Endlich lassen die Inzidenzen wieder die Aus\u00fcbung von sportlichen Gruppen-Aktivit\u00e4ten auf unserer Sportanlage zu! Das Sportler-Herz geht auf, wenn man vor allem den Kindern -ausgestattet mit einer hohen Motivation und Freude-\u00a0 beim Trainingsbetrieb zuschaut- siehe Foto!\u00a0 \u00a0 In den vergangenen Pandemie-Wochen hatten wir einen Gast auf unserem Sportgel\u00e4nde. Ein Storch gesellte sich regelm\u00e4\u00dfig auf [&hellip;]<\/p>\n","protected":false},"author":3,"featured_media":0,"comment_status":"closed","ping_status":"closed","sticky":false,"template":"","format":"standard","meta":{"footnotes":""},"categories":[3],"tags":[],"_links":{"self":[{"href":"https:\/\/sw-osterfeine.de\/index.php?rest_route=\/wp\/v2\/posts\/27903"}],"collection":[{"href":"https:\/\/sw-osterfeine.de\/index.php?rest_route=\/wp\/v2\/posts"}],"about":[{"href":"https:\/\/sw-osterfeine.de\/index.php?rest_route=\/wp\/v2\/types\/post"}],"author":[{"embeddable":true,"href":"https:\/\/sw-osterfeine.de\/index.php?rest_route=\/wp\/v2\/users\/3"}],"replies":[{"embeddable":true,"href":"https:\/\/sw-osterfeine.de\/index.php?rest_route=%2Fwp%2Fv2%2Fcomments&post=27903"}],"version-history":[{"count":1,"href":"https:\/\/sw-osterfeine.de\/index.php?rest_route=\/wp\/v2\/posts\/27903\/revisions"}],"predecessor-version":[{"id":27906,"href":"https:\/\/sw-osterfeine.de\/index.php?rest_route=\/wp\/v2\/posts\/27903\/revisions\/27906"}],"wp:attachment":[{"href":"https:\/\/sw-osterfeine.de\/index.php?rest_route=%2Fwp%2Fv2%2Fmedia&parent=27903"}],"wp:term":[{"taxonomy":"category","embeddable":true,"href":"https:\/\/sw-osterfeine.de\/index.php?rest_route=%2Fwp%2Fv2%2Fcategories&post=27903"},{"taxonomy":"post_tag","embeddable":true,"href":"https:\/\/sw-osterfeine.de\/index.php?rest_route=%2Fwp%2Fv2%2Ftags&post=27903"}],"curies":[{"name":"wp","href":"https:\/\/api.w.org\/{rel}","templated":true}]}}