{"id":27933,"date":"2021-06-14T12:00:41","date_gmt":"2021-06-14T10:00:41","guid":{"rendered":"https:\/\/sw-osterfeine.de\/?p=27933"},"modified":"2021-06-14T12:00:41","modified_gmt":"2021-06-14T10:00:41","slug":"fitness-und-lauftreffabteilung-on-fire","status":"publish","type":"post","link":"https:\/\/sw-osterfeine.de\/?p=27933","title":{"rendered":"Fitness- und Lauftreffabteilung on fire !!"},"content":{"rendered":"\n<p>W\u00e4hrend bei den Fussballern und Handballerinnen der Trainingsbetrieb so langsam an Fahrt gewinnt geht\u00b4s in anderen Abteilungen schon richtig rund. Der Gro\u00dfteil der Fitnesskurse ist endlich wieder angelaufen. Die lange Durststrecke konnte zwar mit Onlinetraining via Zoom \u00fcberbr\u00fcckt werden allerdings ist das gemeinsame Sport treiben im Kursraum mit motivierender Musik im Hintergrund, f\u00fcr alle Beteiligten,\u00a0 wesentlich angenehmer. Das sah man den Beteiligten bei der ersten \u201eLive-Kursstunde\u201c deutlich an.<\/p>\n<p>\u00a0<\/p>\n<p>Ebenfalls gestartet ist die Laufabteilung des OSV\u00b4s.<\/p>\n<p>Der Sparkassencup Bersenbr\u00fcck hat sich in diesem Jahr eine tolle Alternative einfallen lassen. Die ersten 6 L\u00e4ufe finden als Wochenend-Solo-L\u00e4ufe statt. Angeboten werden jeweils 5 und 10 Kilometer. Die Idee: Die Laufstrecken werden von Freitag 15 Uhr bis Sonntag 18 Uhr pr\u00e4pariert und ausgeschildert. Jeder l\u00e4uft die gew\u00fcnschte Strecke und tr\u00e4gt dann seine Zeit auf laufen-os.de ein. Gehrde hat hier den Anfang gemacht, vom 04.06. &#8211; 06.06. hatte man die M\u00f6glichkeit, sich bei einer richtig gut ausgeschilderten Strecke und einer Metergenauen Kilometerangabe die Landschaft anzuschauen. Am Sonntagabend verbuchten die Organisatoren vom Lauftreff \u201eGehrde l\u00e4uft\u2026..!\u201c 153 Meldungen. Alleine daran erkennt man das die Leute richtig hei\u00df darauf sind unter wettkampf\u00e4hnlichen Bedingungen zu laufen.<\/p>\n<p>Dawid Wadulla ist auf der 10 km langen Strecke sogar unter die ersten 10 gekommen, am Ende belegte er mit einer Zeit von 45:18 min. den 9 Platz. Der schnellste war mit einer Zeit von 37:51 min. Elmar Remus aus Bramsche.<\/p>\n<p>\u00a0<\/p>\n<p>Ein Wochenende sp\u00e4ter ging es f\u00fcr den Lauftreff nach Drebber zum Marathon. Die Organisatoren wollten zeigen das es trotz aller Umst\u00e4nde m\u00f6glich ist einen Marathon bzw. einen Volkslauf durchzuf\u00fchren. Es ist denen Gelungen, unter strengen Vorgaben f\u00fcr die L\u00e4ufer, den Streckenposten und den Zuschauern konnte der Drebberlauf mit 101 Teilnehmern auf 4 unterschiedlichen Strecken gestartet werden. Franz Steinkamp und Andre Brune-Suszka waren auf der Marathonstrecke unterwegs und wurden dabei sogar von einem Kamerateam begleitet. Ausgestrahlt wurde der Beitrag am Sonntag um 19:30 Uhr bei buten un binnen auf N3.<\/p>\n<p><a href=\"https:\/\/www.butenunbinnen.de\/videos\/butenunbinnen-mit-sportblitz-366.html\">https:\/\/www.butenunbinnen.de\/videos\/butenunbinnen-mit-sportblitz-366.html<\/a><\/p>\n<p>Andre ist die 42 km lange Distanz in 4:24 Std. gelaufen und konnte als erster seiner Altersklasse und als siebter Gesamtsieger seine Medaille in Empfang nehmen. Franz hingegen musste leider bei Kilometer 37 abbrechen. Dennoch war es ein gelungener Auftakt und ein erster Schritt in die Normalit\u00e4t.<\/p>\n<p>\u00a0<\/p>\n<p>Bereits einen Tag sp\u00e4ter machten sich 3 weitere L\u00e4ufer, ganz typisch f\u00fcr den schwarz-wei\u00dfen Lauftreff, auf den Weg um den D\u00fcmmer. Im Rahmen des Remmers-Hasetal-Marathon, in diesem Jahr leider nur virtuell, gelang es dem Dreiergespann, begleitet von den Burgl\u00e4ufern und weiteren L\u00e4ufern aus dem Landkreis den Halbmarathon bei bestem Wetter unter 2 Std. zu laufen. Es war der erste Halbe f\u00fcr Dennis, der sichtlich ersch\u00f6pft aber gl\u00fccklich sein Ziel erreichen konnte.<\/p>\n<p>\u00a0<\/p>\n\n\t\t<style type=\"text\/css\">\n\t\t\t#gallery-1 {\n\t\t\t\tmargin: auto;\n\t\t\t}\n\t\t\t#gallery-1 .gallery-item {\n\t\t\t\tfloat: left;\n\t\t\t\tmargin-top: 10px;\n\t\t\t\ttext-align: center;\n\t\t\t\twidth: 33%;\n\t\t\t}\n\t\t\t#gallery-1 img {\n\t\t\t\tborder: 2px solid #cfcfcf;\n\t\t\t}\n\t\t\t#gallery-1 .gallery-caption {\n\t\t\t\tmargin-left: 0;\n\t\t\t}\n\t\t\t\/* see gallery_shortcode() in wp-includes\/media.php *\/\n\t\t<\/style>\n\t\t<div id='gallery-1' class='gallery galleryid-27933 gallery-columns-3 gallery-size-thumbnail'><dl class='gallery-item'>\n\t\t\t<dt class='gallery-icon landscape'>\n\t\t\t\t<a href='https:\/\/sw-osterfeine.de\/wp-content\/uploads\/2021\/06\/LT-1.jpg' title=\"\" data-rl_title=\"\" class=\"rl-gallery-link\" data-rl_caption=\"\" data-rel=\"lightbox-gallery-1\"><img loading=\"lazy\" decoding=\"async\" width=\"150\" height=\"150\" src=\"https:\/\/sw-osterfeine.de\/wp-content\/uploads\/2021\/06\/LT-1-150x150.jpg\" class=\"attachment-thumbnail size-thumbnail\" alt=\"\" \/><\/a>\n\t\t\t<\/dt><\/dl><dl class='gallery-item'>\n\t\t\t<dt class='gallery-icon portrait'>\n\t\t\t\t<a href='https:\/\/sw-osterfeine.de\/wp-content\/uploads\/2021\/06\/LT-2.jpg' title=\"\" data-rl_title=\"\" class=\"rl-gallery-link\" data-rl_caption=\"\" data-rel=\"lightbox-gallery-1\"><img loading=\"lazy\" decoding=\"async\" width=\"150\" height=\"150\" src=\"https:\/\/sw-osterfeine.de\/wp-content\/uploads\/2021\/06\/LT-2-150x150.jpg\" class=\"attachment-thumbnail size-thumbnail\" alt=\"\" \/><\/a>\n\t\t\t<\/dt><\/dl><dl class='gallery-item'>\n\t\t\t<dt class='gallery-icon portrait'>\n\t\t\t\t<a href='https:\/\/sw-osterfeine.de\/wp-content\/uploads\/2021\/06\/LT-3.jpg' title=\"\" data-rl_title=\"\" class=\"rl-gallery-link\" data-rl_caption=\"\" data-rel=\"lightbox-gallery-1\"><img loading=\"lazy\" decoding=\"async\" width=\"150\" height=\"150\" src=\"https:\/\/sw-osterfeine.de\/wp-content\/uploads\/2021\/06\/LT-3-150x150.jpg\" class=\"attachment-thumbnail size-thumbnail\" alt=\"\" \/><\/a>\n\t\t\t<\/dt><\/dl><br style=\"clear: both\" \/><dl class='gallery-item'>\n\t\t\t<dt class='gallery-icon portrait'>\n\t\t\t\t<a href='https:\/\/sw-osterfeine.de\/wp-content\/uploads\/2021\/06\/LT-4.jpg' title=\"\" data-rl_title=\"\" class=\"rl-gallery-link\" data-rl_caption=\"\" data-rel=\"lightbox-gallery-1\"><img loading=\"lazy\" decoding=\"async\" width=\"150\" height=\"150\" src=\"https:\/\/sw-osterfeine.de\/wp-content\/uploads\/2021\/06\/LT-4-150x150.jpg\" class=\"attachment-thumbnail size-thumbnail\" alt=\"\" \/><\/a>\n\t\t\t<\/dt><\/dl><dl class='gallery-item'>\n\t\t\t<dt class='gallery-icon landscape'>\n\t\t\t\t<a href='https:\/\/sw-osterfeine.de\/wp-content\/uploads\/2021\/06\/LT-5.jpg' title=\"\" data-rl_title=\"\" class=\"rl-gallery-link\" data-rl_caption=\"\" data-rel=\"lightbox-gallery-1\"><img loading=\"lazy\" decoding=\"async\" width=\"150\" height=\"150\" src=\"https:\/\/sw-osterfeine.de\/wp-content\/uploads\/2021\/06\/LT-5-150x150.jpg\" class=\"attachment-thumbnail size-thumbnail\" alt=\"\" \/><\/a>\n\t\t\t<\/dt><\/dl>\n\t\t\t<br style='clear: both' \/>\n\t\t<\/div>\n\n","protected":false},"excerpt":{"rendered":"<p>W\u00e4hrend bei den Fussballern und Handballerinnen der Trainingsbetrieb so langsam an Fahrt gewinnt geht\u00b4s in anderen Abteilungen schon richtig rund. Der Gro\u00dfteil der Fitnesskurse ist endlich wieder angelaufen. Die lange Durststrecke konnte zwar mit Onlinetraining via Zoom \u00fcberbr\u00fcckt werden allerdings ist das gemeinsame Sport treiben im Kursraum mit motivierender Musik im Hintergrund, f\u00fcr alle Beteiligten,\u00a0 [&hellip;]<\/p>\n","protected":false},"author":3,"featured_media":0,"comment_status":"closed","ping_status":"closed","sticky":false,"template":"","format":"standard","meta":{"footnotes":""},"categories":[38],"tags":[],"_links":{"self":[{"href":"https:\/\/sw-osterfeine.de\/index.php?rest_route=\/wp\/v2\/posts\/27933"}],"collection":[{"href":"https:\/\/sw-osterfeine.de\/index.php?rest_route=\/wp\/v2\/posts"}],"about":[{"href":"https:\/\/sw-osterfeine.de\/index.php?rest_route=\/wp\/v2\/types\/post"}],"author":[{"embeddable":true,"href":"https:\/\/sw-osterfeine.de\/index.php?rest_route=\/wp\/v2\/users\/3"}],"replies":[{"embeddable":true,"href":"https:\/\/sw-osterfeine.de\/index.php?rest_route=%2Fwp%2Fv2%2Fcomments&post=27933"}],"version-history":[{"count":1,"href":"https:\/\/sw-osterfeine.de\/index.php?rest_route=\/wp\/v2\/posts\/27933\/revisions"}],"predecessor-version":[{"id":27939,"href":"https:\/\/sw-osterfeine.de\/index.php?rest_route=\/wp\/v2\/posts\/27933\/revisions\/27939"}],"wp:attachment":[{"href":"https:\/\/sw-osterfeine.de\/index.php?rest_route=%2Fwp%2Fv2%2Fmedia&parent=27933"}],"wp:term":[{"taxonomy":"category","embeddable":true,"href":"https:\/\/sw-osterfeine.de\/index.php?rest_route=%2Fwp%2Fv2%2Fcategories&post=27933"},{"taxonomy":"post_tag","embeddable":true,"href":"https:\/\/sw-osterfeine.de\/index.php?rest_route=%2Fwp%2Fv2%2Ftags&post=27933"}],"curies":[{"name":"wp","href":"https:\/\/api.w.org\/{rel}","templated":true}]}}