{"id":27961,"date":"2021-07-02T09:09:35","date_gmt":"2021-07-02T07:09:35","guid":{"rendered":"https:\/\/sw-osterfeine.de\/?p=27961"},"modified":"2021-07-02T09:09:35","modified_gmt":"2021-07-02T07:09:35","slug":"osv-volksbankcup-findet-statt","status":"publish","type":"post","link":"https:\/\/sw-osterfeine.de\/?p=27961","title":{"rendered":"OSV \u2013 Volksbankcup findet statt!"},"content":{"rendered":"\n<p><strong><em>\u00a0\u00a0\u00a0\u00a0<\/em><\/strong><strong><em>Wann: Mittwoch, 14.7.21 und <\/em><\/strong><strong><em>Dienstag, 20.7.2021<\/em><\/strong><\/p>\n<p><strong><em>\u00a0 \u00a0 Wer: GW M\u00fchlen \u2013 Landesliga<\/em><\/strong><\/p>\n<p><strong><em>\u00a0 \u00a0 \u00a0 \u00a0 \u00a0 \u00a0 Falke Steinfeld \u2013 Landesliga<\/em><\/strong><\/p>\n<p><strong><em>\u00a0 \u00a0 \u00a0 \u00a0 \u00a0 \u00a0 Eintracht Rulle \u2013 <\/em><\/strong><strong><em>B<\/em><\/strong><strong><em>ezirksliga Osnabr\u00fcck<\/em><\/strong><\/p>\n<p><strong><em>\u00a0 \u00a0 \u00a0 \u00a0 \u00a0 \u00a0 <\/em><\/strong><strong><em>SW Osterfeine \u2013 <\/em><\/strong><strong><em>Bezirksliga Weser-Ems<\/em><\/strong><\/p>\n<p><strong><em>Der Sportverein SW Osterfeine bedankt sich ganz herzlich f\u00fcr die spontanen Zusagen der beteiligen Mannschaften. Die Coronakrise lie\u00df keine l\u00e4ngere Vorlaufzeit zu. Leider nicht teilnehmen k\u00f6nnen in diesem Jahr unsere Nachbarn von RW Damme. RW Damme steht noch im Halbfinale des Kreispokales und kann nicht auf mehreren Hochzeiten gleichzeitig tanzen. Gl\u00fccklicherweise konnten wir mit Eintracht Rulle eine aufstrebende Bezirksligamannschaft als Ersatz gewinnen. Dabei ist Eintracht Rulle nicht ganz ohne einen Osterfeiner Bezug. Der in den letzten Jahren sehr erfolgreiche Gast aus Rulle wird erfolgreich vom Sportlehrer unserer Grundschule in Osterfeine trainiert. Vielen Dank somit an Michael W\u00f6stmann und herzlich Willkommen mit Deiner Mannschaft in Osterfeine. Der Ruller Trainer bildet im Sportunterricht zahlreiche OSV-Sportler in der Grundschule aus und hat den von ihm unterrichteten Sportlern zugesagt, im Falle eines Ruller Sieges beim Volksbankcup: Eine Woche keine Hausaufgaben in Osterfeine. <\/em><\/strong><\/p>\n","protected":false},"excerpt":{"rendered":"<p>\u00a0\u00a0\u00a0\u00a0Wann: Mittwoch, 14.7.21 und Dienstag, 20.7.2021 \u00a0 \u00a0 Wer: GW M\u00fchlen \u2013 Landesliga \u00a0 \u00a0 \u00a0 \u00a0 \u00a0 \u00a0 Falke Steinfeld \u2013 Landesliga \u00a0 \u00a0 \u00a0 \u00a0 \u00a0 \u00a0 Eintracht Rulle \u2013 Bezirksliga Osnabr\u00fcck \u00a0 \u00a0 \u00a0 \u00a0 \u00a0 \u00a0 SW Osterfeine \u2013 Bezirksliga Weser-Ems Der Sportverein SW Osterfeine bedankt sich ganz herzlich f\u00fcr die [&hellip;]<\/p>\n","protected":false},"author":3,"featured_media":0,"comment_status":"closed","ping_status":"closed","sticky":false,"template":"","format":"standard","meta":{"footnotes":""},"categories":[3],"tags":[],"_links":{"self":[{"href":"https:\/\/sw-osterfeine.de\/index.php?rest_route=\/wp\/v2\/posts\/27961"}],"collection":[{"href":"https:\/\/sw-osterfeine.de\/index.php?rest_route=\/wp\/v2\/posts"}],"about":[{"href":"https:\/\/sw-osterfeine.de\/index.php?rest_route=\/wp\/v2\/types\/post"}],"author":[{"embeddable":true,"href":"https:\/\/sw-osterfeine.de\/index.php?rest_route=\/wp\/v2\/users\/3"}],"replies":[{"embeddable":true,"href":"https:\/\/sw-osterfeine.de\/index.php?rest_route=%2Fwp%2Fv2%2Fcomments&post=27961"}],"version-history":[{"count":1,"href":"https:\/\/sw-osterfeine.de\/index.php?rest_route=\/wp\/v2\/posts\/27961\/revisions"}],"predecessor-version":[{"id":27962,"href":"https:\/\/sw-osterfeine.de\/index.php?rest_route=\/wp\/v2\/posts\/27961\/revisions\/27962"}],"wp:attachment":[{"href":"https:\/\/sw-osterfeine.de\/index.php?rest_route=%2Fwp%2Fv2%2Fmedia&parent=27961"}],"wp:term":[{"taxonomy":"category","embeddable":true,"href":"https:\/\/sw-osterfeine.de\/index.php?rest_route=%2Fwp%2Fv2%2Fcategories&post=27961"},{"taxonomy":"post_tag","embeddable":true,"href":"https:\/\/sw-osterfeine.de\/index.php?rest_route=%2Fwp%2Fv2%2Ftags&post=27961"}],"curies":[{"name":"wp","href":"https:\/\/api.w.org\/{rel}","templated":true}]}}