{"id":27963,"date":"2021-07-02T09:15:31","date_gmt":"2021-07-02T07:15:31","guid":{"rendered":"https:\/\/sw-osterfeine.de\/?p=27963"},"modified":"2021-07-02T09:15:31","modified_gmt":"2021-07-02T07:15:31","slug":"beachhandballplaetze-aufpoliert","status":"publish","type":"post","link":"https:\/\/sw-osterfeine.de\/?p=27963","title":{"rendered":"Beachhandballpl\u00e4tze aufpoliert"},"content":{"rendered":"\n<p>Parallel zu den Arbeiten am Sportplatzgel\u00e4nde wurden in den vergangenen Wochen die Beachfelder aufger\u00fcstet und wieder frisch gemacht. Die Felder erfuhren eine feste Umrandung, Sand wurde nachgef\u00fcllt und f\u00fcr eine gute Bespielbarkeit gesorgt. Gerade im Coronazeitraum k\u00f6nnen Sportler aller Sportarten diese Sportst\u00e4tten besonders gut nutzen. Fu\u00dfball mit Barfu\u00df, Volleyball und Handball im Sand: Vieles ist m\u00f6glich. Euch allen viel Spa\u00df dabei und allen Helfern ein herzliches Dankesch\u00f6n. Dieses Danke geht auch an die Fu\u00dfballer der C-Jugend , die mit totalem K\u00f6rpereinsatz die Lampen f\u00fcr die Beachpl\u00e4tze an den richtigen Platz brachten.<\/p>\n<p>\u00a0<a href=\"https:\/\/sw-osterfeine.de\/wp-content\/uploads\/2021\/07\/Beachplatz-2.jpg\" data-rel=\"lightbox-image-0\" data-rl_title=\"\" data-rl_caption=\"\" title=\"\"><img loading=\"lazy\" decoding=\"async\" class=\"alignnone  wp-image-27965\" src=\"https:\/\/sw-osterfeine.de\/wp-content\/uploads\/2021\/07\/Beachplatz-2.jpg\" alt=\"\" width=\"171\" height=\"229\" srcset=\"https:\/\/sw-osterfeine.de\/wp-content\/uploads\/2021\/07\/Beachplatz-2.jpg 768w, https:\/\/sw-osterfeine.de\/wp-content\/uploads\/2021\/07\/Beachplatz-2-225x300.jpg 225w\" sizes=\"(max-width: 171px) 100vw, 171px\" \/><\/a> <a href=\"https:\/\/sw-osterfeine.de\/wp-content\/uploads\/2021\/07\/Beachplatz-3.jpg\" data-rel=\"lightbox-image-1\" data-rl_title=\"\" data-rl_caption=\"\" title=\"\"><img loading=\"lazy\" decoding=\"async\" class=\"alignnone  wp-image-27966\" src=\"https:\/\/sw-osterfeine.de\/wp-content\/uploads\/2021\/07\/Beachplatz-3.jpg\" alt=\"\" width=\"171\" height=\"228\" srcset=\"https:\/\/sw-osterfeine.de\/wp-content\/uploads\/2021\/07\/Beachplatz-3.jpg 768w, https:\/\/sw-osterfeine.de\/wp-content\/uploads\/2021\/07\/Beachplatz-3-225x300.jpg 225w\" sizes=\"(max-width: 171px) 100vw, 171px\" \/><\/a> <a href=\"https:\/\/sw-osterfeine.de\/wp-content\/uploads\/2021\/07\/Beachplatz-4.jpg\" data-rel=\"lightbox-image-2\" data-rl_title=\"\" data-rl_caption=\"\" title=\"\"><img loading=\"lazy\" decoding=\"async\" class=\"alignnone  wp-image-27967\" src=\"https:\/\/sw-osterfeine.de\/wp-content\/uploads\/2021\/07\/Beachplatz-4.jpg\" alt=\"\" width=\"171\" height=\"228\" srcset=\"https:\/\/sw-osterfeine.de\/wp-content\/uploads\/2021\/07\/Beachplatz-4.jpg 768w, https:\/\/sw-osterfeine.de\/wp-content\/uploads\/2021\/07\/Beachplatz-4-225x300.jpg 225w\" sizes=\"(max-width: 171px) 100vw, 171px\" \/><\/a> <a href=\"https:\/\/sw-osterfeine.de\/wp-content\/uploads\/2021\/07\/Trainingstag-C-Jugend-1.jpg\" data-rel=\"lightbox-image-3\" data-rl_title=\"\" data-rl_caption=\"\" title=\"\"><img loading=\"lazy\" decoding=\"async\" class=\"alignnone  wp-image-27968\" src=\"https:\/\/sw-osterfeine.de\/wp-content\/uploads\/2021\/07\/Trainingstag-C-Jugend-1.jpg\" alt=\"\" width=\"171\" height=\"228\" srcset=\"https:\/\/sw-osterfeine.de\/wp-content\/uploads\/2021\/07\/Trainingstag-C-Jugend-1.jpg 768w, https:\/\/sw-osterfeine.de\/wp-content\/uploads\/2021\/07\/Trainingstag-C-Jugend-1-225x300.jpg 225w\" sizes=\"(max-width: 171px) 100vw, 171px\" \/><\/a> <a href=\"https:\/\/sw-osterfeine.de\/wp-content\/uploads\/2021\/07\/Trainingstag-C-Jugend-2.jpg\" data-rel=\"lightbox-image-4\" data-rl_title=\"\" data-rl_caption=\"\" title=\"\"><img loading=\"lazy\" decoding=\"async\" class=\"alignnone  wp-image-27969\" src=\"https:\/\/sw-osterfeine.de\/wp-content\/uploads\/2021\/07\/Trainingstag-C-Jugend-2.jpg\" alt=\"\" width=\"171\" height=\"228\" srcset=\"https:\/\/sw-osterfeine.de\/wp-content\/uploads\/2021\/07\/Trainingstag-C-Jugend-2.jpg 768w, https:\/\/sw-osterfeine.de\/wp-content\/uploads\/2021\/07\/Trainingstag-C-Jugend-2-225x300.jpg 225w\" sizes=\"(max-width: 171px) 100vw, 171px\" \/><\/a> <a href=\"https:\/\/sw-osterfeine.de\/wp-content\/uploads\/2021\/07\/Trainingstag-C-Jugend-3.jpg\" data-rel=\"lightbox-image-5\" data-rl_title=\"\" data-rl_caption=\"\" title=\"\"><img loading=\"lazy\" decoding=\"async\" class=\"alignnone  wp-image-27970\" src=\"https:\/\/sw-osterfeine.de\/wp-content\/uploads\/2021\/07\/Trainingstag-C-Jugend-3.jpg\" alt=\"\" width=\"171\" height=\"228\" srcset=\"https:\/\/sw-osterfeine.de\/wp-content\/uploads\/2021\/07\/Trainingstag-C-Jugend-3.jpg 768w, https:\/\/sw-osterfeine.de\/wp-content\/uploads\/2021\/07\/Trainingstag-C-Jugend-3-225x300.jpg 225w\" sizes=\"(max-width: 171px) 100vw, 171px\" \/><\/a><\/p>\n","protected":false},"excerpt":{"rendered":"<p>Parallel zu den Arbeiten am Sportplatzgel\u00e4nde wurden in den vergangenen Wochen die Beachfelder aufger\u00fcstet und wieder frisch gemacht. Die Felder erfuhren eine feste Umrandung, Sand wurde nachgef\u00fcllt und f\u00fcr eine gute Bespielbarkeit gesorgt. Gerade im Coronazeitraum k\u00f6nnen Sportler aller Sportarten diese Sportst\u00e4tten besonders gut nutzen. Fu\u00dfball mit Barfu\u00df, Volleyball und Handball im Sand: Vieles ist [&hellip;]<\/p>\n","protected":false},"author":3,"featured_media":0,"comment_status":"closed","ping_status":"closed","sticky":false,"template":"","format":"standard","meta":{"footnotes":""},"categories":[1],"tags":[],"_links":{"self":[{"href":"https:\/\/sw-osterfeine.de\/index.php?rest_route=\/wp\/v2\/posts\/27963"}],"collection":[{"href":"https:\/\/sw-osterfeine.de\/index.php?rest_route=\/wp\/v2\/posts"}],"about":[{"href":"https:\/\/sw-osterfeine.de\/index.php?rest_route=\/wp\/v2\/types\/post"}],"author":[{"embeddable":true,"href":"https:\/\/sw-osterfeine.de\/index.php?rest_route=\/wp\/v2\/users\/3"}],"replies":[{"embeddable":true,"href":"https:\/\/sw-osterfeine.de\/index.php?rest_route=%2Fwp%2Fv2%2Fcomments&post=27963"}],"version-history":[{"count":1,"href":"https:\/\/sw-osterfeine.de\/index.php?rest_route=\/wp\/v2\/posts\/27963\/revisions"}],"predecessor-version":[{"id":27971,"href":"https:\/\/sw-osterfeine.de\/index.php?rest_route=\/wp\/v2\/posts\/27963\/revisions\/27971"}],"wp:attachment":[{"href":"https:\/\/sw-osterfeine.de\/index.php?rest_route=%2Fwp%2Fv2%2Fmedia&parent=27963"}],"wp:term":[{"taxonomy":"category","embeddable":true,"href":"https:\/\/sw-osterfeine.de\/index.php?rest_route=%2Fwp%2Fv2%2Fcategories&post=27963"},{"taxonomy":"post_tag","embeddable":true,"href":"https:\/\/sw-osterfeine.de\/index.php?rest_route=%2Fwp%2Fv2%2Ftags&post=27963"}],"curies":[{"name":"wp","href":"https:\/\/api.w.org\/{rel}","templated":true}]}}