{"id":27974,"date":"2021-07-02T09:19:30","date_gmt":"2021-07-02T07:19:30","guid":{"rendered":"https:\/\/sw-osterfeine.de\/?p=27974"},"modified":"2021-07-02T09:19:30","modified_gmt":"2021-07-02T07:19:30","slug":"swo-generalversammlung-am-13-8-2021","status":"publish","type":"post","link":"https:\/\/sw-osterfeine.de\/?p=27974","title":{"rendered":"SWO Generalversammlung am 13.8.2021"},"content":{"rendered":"\n<p><strong>Die \u00fcblicherweise im M\u00e4rz eines jeden Jahres stattfindende Generalversammlung des Sportvereines Schwarz-Wei\u00df Osterfeine konnte nun terminiert werden:<em><u> Am Freitag, den 13.8.2021 findet um 20.00 Uhr im Saalbetrieb Fangmann in Osterfeine <\/u><\/em>die Generalversammlung des Jahres 2021 statt. Auch wenn die genaue Tagesordnung noch in diesen Tagen endg\u00fcltig erstellt wird, stehen extrem wichtige Entscheidungen f\u00fcr unseren Sportverein auf dem Programm. Im Vordergrund stehen die Neuwahlen des gesamten Vorstandes Eures Sportvereines.<\/strong><\/p>\n<p><strong>Aber auch die Informationen wie unser Verein sportlich und finanziell die Coronakrise erstmal \u00fcberstanden hat, wird sicherlich eine spannende Geschichte werden.<\/strong><\/p>\n<p><strong>Also: Markiert Euch den Termin im Kalender und kommt zur Generalversammlung. Hier k\u00f6nnt Ihr Eure W\u00fcnsche formulieren, Eure Hilfe einbringen und konkrete Informationen erfahren und an Entscheidungen f\u00fcr die Zukunft mitwirken.\u00a0<\/strong><\/p>\n","protected":false},"excerpt":{"rendered":"<p>Die \u00fcblicherweise im M\u00e4rz eines jeden Jahres stattfindende Generalversammlung des Sportvereines Schwarz-Wei\u00df Osterfeine konnte nun terminiert werden: Am Freitag, den 13.8.2021 findet um 20.00 Uhr im Saalbetrieb Fangmann in Osterfeine die Generalversammlung des Jahres 2021 statt. Auch wenn die genaue Tagesordnung noch in diesen Tagen endg\u00fcltig erstellt wird, stehen extrem wichtige Entscheidungen f\u00fcr unseren Sportverein [&hellip;]<\/p>\n","protected":false},"author":3,"featured_media":0,"comment_status":"closed","ping_status":"closed","sticky":false,"template":"","format":"standard","meta":{"footnotes":""},"categories":[37],"tags":[],"_links":{"self":[{"href":"https:\/\/sw-osterfeine.de\/index.php?rest_route=\/wp\/v2\/posts\/27974"}],"collection":[{"href":"https:\/\/sw-osterfeine.de\/index.php?rest_route=\/wp\/v2\/posts"}],"about":[{"href":"https:\/\/sw-osterfeine.de\/index.php?rest_route=\/wp\/v2\/types\/post"}],"author":[{"embeddable":true,"href":"https:\/\/sw-osterfeine.de\/index.php?rest_route=\/wp\/v2\/users\/3"}],"replies":[{"embeddable":true,"href":"https:\/\/sw-osterfeine.de\/index.php?rest_route=%2Fwp%2Fv2%2Fcomments&post=27974"}],"version-history":[{"count":1,"href":"https:\/\/sw-osterfeine.de\/index.php?rest_route=\/wp\/v2\/posts\/27974\/revisions"}],"predecessor-version":[{"id":27975,"href":"https:\/\/sw-osterfeine.de\/index.php?rest_route=\/wp\/v2\/posts\/27974\/revisions\/27975"}],"wp:attachment":[{"href":"https:\/\/sw-osterfeine.de\/index.php?rest_route=%2Fwp%2Fv2%2Fmedia&parent=27974"}],"wp:term":[{"taxonomy":"category","embeddable":true,"href":"https:\/\/sw-osterfeine.de\/index.php?rest_route=%2Fwp%2Fv2%2Fcategories&post=27974"},{"taxonomy":"post_tag","embeddable":true,"href":"https:\/\/sw-osterfeine.de\/index.php?rest_route=%2Fwp%2Fv2%2Ftags&post=27974"}],"curies":[{"name":"wp","href":"https:\/\/api.w.org\/{rel}","templated":true}]}}