{"id":27981,"date":"2021-07-09T12:22:20","date_gmt":"2021-07-09T10:22:20","guid":{"rendered":"https:\/\/sw-osterfeine.de\/?p=27981"},"modified":"2021-07-09T12:22:20","modified_gmt":"2021-07-09T10:22:20","slug":"abschlussbericht-der-ehemaligen-handball-a-jugend","status":"publish","type":"post","link":"https:\/\/sw-osterfeine.de\/?p=27981","title":{"rendered":"Abschlussbericht der ehemaligen Handball A-Jugend"},"content":{"rendered":"\n<p><br \/>Spa\u00dfiger Auftakt und adrenalingef\u00fcllter Mannschaftsabschluss &#8211; so l\u00e4sst es sich in einer Schlagzeile zusammenfassen!<br \/><br \/>Mit viel Elan starteten wir in die Vorbereitung der Saison. Zumba bei Katja, laufen, beachen und Hallentraining standen auf dem Programm.<br \/><br \/>Neue Trikots wurden bestellt, so dass nun auch auf dem R\u00fccken zu lesen war, dass wir fortan zu einer Spielgemeinschaft Osterfeine\/Damme geh\u00f6rten. Leider kamen diese nie zum Einsatz. Corona&#8230;.<br \/><br \/>In die Kanus, fertig, los! Auf der Hase bewiesen die M\u00e4dels, dass sie sowohl Spa\u00df am Paddeln, als auch am Beisammensein hatten.<br \/><br \/>Was sollen wir sagen&#8230; viel mehr war leider nicht mehr m\u00f6glich.<br \/><br \/>Zum Abschluss der kuriosen Saison fuhren wir in den Hochseilgarten nach Kalkriese. Angefangen im Niedrigseilgarten, \u00fcber die Fledermaus und der Riesenschaukel in 10 bzw. 12 Metern H\u00f6he, wurde unser Mut und Vertrauen ineinander auf die Probe gestellt.<br \/>Der Tag endete beim Flunkyball auf Osterfeiner Sportplatz.<br \/><br \/>An dieser Stelle m\u00f6chten wir Trainer ein DANKE an die M\u00e4dels, unseren Vereinen und Verantwortlichen senden. Alle haben sich auf den neuen Weg eingelassen.<br \/>Es w\u00e4re bestimmt eine gro\u00dfartige Saison geworden. Gerne h\u00e4tten wir Osterfeiner den Dammer M\u00e4dels gezeigt, wie man Siege bei Spatz feiert \ud83d\ude09<br \/><br \/>Es gr\u00fc\u00dfen Euch<br \/>Lauri, Felix und Mandy<\/p>\n<p>\u00a0<\/p>\n\n\t\t<style type=\"text\/css\">\n\t\t\t#gallery-1 {\n\t\t\t\tmargin: auto;\n\t\t\t}\n\t\t\t#gallery-1 .gallery-item {\n\t\t\t\tfloat: left;\n\t\t\t\tmargin-top: 10px;\n\t\t\t\ttext-align: center;\n\t\t\t\twidth: 33%;\n\t\t\t}\n\t\t\t#gallery-1 img {\n\t\t\t\tborder: 2px solid #cfcfcf;\n\t\t\t}\n\t\t\t#gallery-1 .gallery-caption {\n\t\t\t\tmargin-left: 0;\n\t\t\t}\n\t\t\t\/* see gallery_shortcode() in wp-includes\/media.php *\/\n\t\t<\/style>\n\t\t<div id='gallery-1' class='gallery galleryid-27981 gallery-columns-3 gallery-size-thumbnail'><dl class='gallery-item'>\n\t\t\t<dt class='gallery-icon portrait'>\n\t\t\t\t<a href='https:\/\/sw-osterfeine.de\/wp-content\/uploads\/2021\/07\/6ddb7611-bda4-4e87-8f89-990e5c857ba5.jpg' title=\"\" data-rl_title=\"\" class=\"rl-gallery-link\" data-rl_caption=\"\" data-rel=\"lightbox-gallery-1\"><img loading=\"lazy\" decoding=\"async\" width=\"150\" height=\"150\" src=\"https:\/\/sw-osterfeine.de\/wp-content\/uploads\/2021\/07\/6ddb7611-bda4-4e87-8f89-990e5c857ba5-150x150.jpg\" class=\"attachment-thumbnail size-thumbnail\" alt=\"\" \/><\/a>\n\t\t\t<\/dt><\/dl><dl class='gallery-item'>\n\t\t\t<dt class='gallery-icon portrait'>\n\t\t\t\t<a href='https:\/\/sw-osterfeine.de\/wp-content\/uploads\/2021\/07\/b200a36d-ea24-4d28-8791-1fcfc96e5a9a.jpg' title=\"\" data-rl_title=\"\" class=\"rl-gallery-link\" data-rl_caption=\"\" data-rel=\"lightbox-gallery-1\"><img loading=\"lazy\" decoding=\"async\" width=\"150\" height=\"150\" src=\"https:\/\/sw-osterfeine.de\/wp-content\/uploads\/2021\/07\/b200a36d-ea24-4d28-8791-1fcfc96e5a9a-150x150.jpg\" class=\"attachment-thumbnail size-thumbnail\" alt=\"\" \/><\/a>\n\t\t\t<\/dt><\/dl><dl class='gallery-item'>\n\t\t\t<dt class='gallery-icon portrait'>\n\t\t\t\t<a href='https:\/\/sw-osterfeine.de\/wp-content\/uploads\/2021\/07\/d202905b-6021-4451-8b52-540b963fadc4.jpg' title=\"\" data-rl_title=\"\" class=\"rl-gallery-link\" data-rl_caption=\"\" data-rel=\"lightbox-gallery-1\"><img loading=\"lazy\" decoding=\"async\" width=\"150\" height=\"150\" src=\"https:\/\/sw-osterfeine.de\/wp-content\/uploads\/2021\/07\/d202905b-6021-4451-8b52-540b963fadc4-150x150.jpg\" class=\"attachment-thumbnail size-thumbnail\" alt=\"\" \/><\/a>\n\t\t\t<\/dt><\/dl><br style=\"clear: both\" \/><dl class='gallery-item'>\n\t\t\t<dt class='gallery-icon portrait'>\n\t\t\t\t<a href='https:\/\/sw-osterfeine.de\/wp-content\/uploads\/2021\/07\/d902f25c-af8a-4a29-bf39-e2049cd29f9f.jpg' title=\"\" data-rl_title=\"\" class=\"rl-gallery-link\" data-rl_caption=\"\" data-rel=\"lightbox-gallery-1\"><img loading=\"lazy\" decoding=\"async\" width=\"150\" height=\"150\" src=\"https:\/\/sw-osterfeine.de\/wp-content\/uploads\/2021\/07\/d902f25c-af8a-4a29-bf39-e2049cd29f9f-150x150.jpg\" class=\"attachment-thumbnail size-thumbnail\" alt=\"\" \/><\/a>\n\t\t\t<\/dt><\/dl>\n\t\t\t<br style='clear: both' \/>\n\t\t<\/div>\n\n","protected":false},"excerpt":{"rendered":"<p>Spa\u00dfiger Auftakt und adrenalingef\u00fcllter Mannschaftsabschluss &#8211; so l\u00e4sst es sich in einer Schlagzeile zusammenfassen! Mit viel Elan starteten wir in die Vorbereitung der Saison. Zumba bei Katja, laufen, beachen und Hallentraining standen auf dem Programm. Neue Trikots wurden bestellt, so dass nun auch auf dem R\u00fccken zu lesen war, dass wir fortan zu einer Spielgemeinschaft [&hellip;]<\/p>\n","protected":false},"author":3,"featured_media":0,"comment_status":"closed","ping_status":"closed","sticky":false,"template":"","format":"standard","meta":{"footnotes":""},"categories":[1],"tags":[],"_links":{"self":[{"href":"https:\/\/sw-osterfeine.de\/index.php?rest_route=\/wp\/v2\/posts\/27981"}],"collection":[{"href":"https:\/\/sw-osterfeine.de\/index.php?rest_route=\/wp\/v2\/posts"}],"about":[{"href":"https:\/\/sw-osterfeine.de\/index.php?rest_route=\/wp\/v2\/types\/post"}],"author":[{"embeddable":true,"href":"https:\/\/sw-osterfeine.de\/index.php?rest_route=\/wp\/v2\/users\/3"}],"replies":[{"embeddable":true,"href":"https:\/\/sw-osterfeine.de\/index.php?rest_route=%2Fwp%2Fv2%2Fcomments&post=27981"}],"version-history":[{"count":1,"href":"https:\/\/sw-osterfeine.de\/index.php?rest_route=\/wp\/v2\/posts\/27981\/revisions"}],"predecessor-version":[{"id":27986,"href":"https:\/\/sw-osterfeine.de\/index.php?rest_route=\/wp\/v2\/posts\/27981\/revisions\/27986"}],"wp:attachment":[{"href":"https:\/\/sw-osterfeine.de\/index.php?rest_route=%2Fwp%2Fv2%2Fmedia&parent=27981"}],"wp:term":[{"taxonomy":"category","embeddable":true,"href":"https:\/\/sw-osterfeine.de\/index.php?rest_route=%2Fwp%2Fv2%2Fcategories&post=27981"},{"taxonomy":"post_tag","embeddable":true,"href":"https:\/\/sw-osterfeine.de\/index.php?rest_route=%2Fwp%2Fv2%2Ftags&post=27981"}],"curies":[{"name":"wp","href":"https:\/\/api.w.org\/{rel}","templated":true}]}}