{"id":28002,"date":"2021-07-19T09:56:19","date_gmt":"2021-07-19T07:56:19","guid":{"rendered":"https:\/\/sw-osterfeine.de\/?p=28002"},"modified":"2021-07-19T09:56:19","modified_gmt":"2021-07-19T07:56:19","slug":"parkplatzeinweihung-und-bezirkspokal-am-1-8-2021","status":"publish","type":"post","link":"https:\/\/sw-osterfeine.de\/?p=28002","title":{"rendered":"Parkplatzeinweihung und Bezirkspokal am 1.8.2021"},"content":{"rendered":"\n<p>Am Sonntag, den 1.8.21 findet ab 14.00 Uhr die offizielle Freigabe des sanierten Parkplatzgel\u00e4ndes statt. Die Stadt Damme hat zu dieser Veranstaltung zahlreiche an der Ma\u00dfnahme Beteiligte eingeladen. B\u00fcrgermeister Gerd Muhle wird hierzu die Begr\u00fc\u00dfungsansprache halten. N\u00e4heres zum Programmablauf folgt.<\/p>\n<p>Ebenso besteht die M\u00f6glichkeiten die Sanierungsarbeiten des Sportvereines am alten Umkleidegeb\u00e4ude mit der schon jetzt \u00fcberragend von den OSV-Sportlern genutzten Treppe und dem neuen Zaungel\u00e4nde in Augenschein zu nehmen.<\/p>\n<p>Als sportlicher H\u00f6hepunkt findet dann um 15.00 Uhr der Bezirkspokalknaller zwischen dem Landesligisten VFL Oythe I und dem Bezirksligisten SW Osterfeine I statt.<\/p>\n<p>Liebe OSVer, haltet Euch den Termin frei, schaut Euch das sch\u00f6ne OSV-Gel\u00e4nde an und unterst\u00fctzt Eure heimischen\u00a0 Fu\u00dfballerjungs anschlie\u00dfend noch gegen den VFL Oythe!!!<\/p>\n<p>F\u00fcr eine ausreichende Verpflegung wird auch an diesem Tag gesorgt sein!!!<\/p>\n<p>\u00a0<\/p>\n","protected":false},"excerpt":{"rendered":"<p>Am Sonntag, den 1.8.21 findet ab 14.00 Uhr die offizielle Freigabe des sanierten Parkplatzgel\u00e4ndes statt. Die Stadt Damme hat zu dieser Veranstaltung zahlreiche an der Ma\u00dfnahme Beteiligte eingeladen. B\u00fcrgermeister Gerd Muhle wird hierzu die Begr\u00fc\u00dfungsansprache halten. N\u00e4heres zum Programmablauf folgt. Ebenso besteht die M\u00f6glichkeiten die Sanierungsarbeiten des Sportvereines am alten Umkleidegeb\u00e4ude mit der schon jetzt [&hellip;]<\/p>\n","protected":false},"author":3,"featured_media":0,"comment_status":"closed","ping_status":"closed","sticky":false,"template":"","format":"standard","meta":{"footnotes":""},"categories":[3,37],"tags":[],"_links":{"self":[{"href":"https:\/\/sw-osterfeine.de\/index.php?rest_route=\/wp\/v2\/posts\/28002"}],"collection":[{"href":"https:\/\/sw-osterfeine.de\/index.php?rest_route=\/wp\/v2\/posts"}],"about":[{"href":"https:\/\/sw-osterfeine.de\/index.php?rest_route=\/wp\/v2\/types\/post"}],"author":[{"embeddable":true,"href":"https:\/\/sw-osterfeine.de\/index.php?rest_route=\/wp\/v2\/users\/3"}],"replies":[{"embeddable":true,"href":"https:\/\/sw-osterfeine.de\/index.php?rest_route=%2Fwp%2Fv2%2Fcomments&post=28002"}],"version-history":[{"count":1,"href":"https:\/\/sw-osterfeine.de\/index.php?rest_route=\/wp\/v2\/posts\/28002\/revisions"}],"predecessor-version":[{"id":28003,"href":"https:\/\/sw-osterfeine.de\/index.php?rest_route=\/wp\/v2\/posts\/28002\/revisions\/28003"}],"wp:attachment":[{"href":"https:\/\/sw-osterfeine.de\/index.php?rest_route=%2Fwp%2Fv2%2Fmedia&parent=28002"}],"wp:term":[{"taxonomy":"category","embeddable":true,"href":"https:\/\/sw-osterfeine.de\/index.php?rest_route=%2Fwp%2Fv2%2Fcategories&post=28002"},{"taxonomy":"post_tag","embeddable":true,"href":"https:\/\/sw-osterfeine.de\/index.php?rest_route=%2Fwp%2Fv2%2Ftags&post=28002"}],"curies":[{"name":"wp","href":"https:\/\/api.w.org\/{rel}","templated":true}]}}