{"id":28008,"date":"2021-07-19T10:03:19","date_gmt":"2021-07-19T08:03:19","guid":{"rendered":"https:\/\/sw-osterfeine.de\/?p=28008"},"modified":"2021-07-19T10:03:19","modified_gmt":"2021-07-19T08:03:19","slug":"terminvorschau-generalversammlung","status":"publish","type":"post","link":"https:\/\/sw-osterfeine.de\/?p=28008","title":{"rendered":"Terminvorschau Generalversammlung"},"content":{"rendered":"\n<p>Am Freitag, den 13.8.2021 um 20.00 Uhr im Saalbetrieb Fangmann!!<\/p>\n<p>Der OSV ruft alle Mitglieder an der Teilnahme dieser durch Corona sicherlich au\u00dfergew\u00f6hnlichen und besonders wichtigen Versammlung mit der Neuwahl des gesamten Vorstandes auf. Hier bekommt Ihr wichtige Informationen, wie Euer Verein bisher die Coronakrise bew\u00e4ltigen konnte.<\/p>\n<p>Ganz besonders m\u00f6chten wir unsere jugendlichen Mitglieder einladen: Nehmt teil an der OSV-Zukunft, meldet Euch und gebt uns Anregungen und Eure W\u00fcnsche!!<\/p>\n<p>Aber auch das Mittelalter sollte sich diesen Tag vormerken. Helft mit, die Jugendarbeit f\u00fcr Eure Kinder zu unterst\u00fctzen. Bringt Euch konstruktiv ein.<\/p>\n<p>Ebenso von gro\u00dfer Bedeutung f\u00fcr Euren OSV ist die Teilnahme unserer \u00c4lteren an der Generalversammlung!!! Bleibt informiert, \u00fcberlegt mit und packt an \u2013 in welcher Form auch immer- wie Ihr den OSV unterst\u00fctzen k\u00f6nnt. Unterst\u00fctzung, die sicherlich viele von Euch vor l\u00e4ngerer Zeit im OSV erfahren habt.<\/p>\n<p><strong><em><u>Also: Termin merken!!! Freitag, 13.8.2021 20.00 Uhr bei Fangmann!! <\/u><\/em><\/strong><\/p>\n","protected":false},"excerpt":{"rendered":"<p>Am Freitag, den 13.8.2021 um 20.00 Uhr im Saalbetrieb Fangmann!! Der OSV ruft alle Mitglieder an der Teilnahme dieser durch Corona sicherlich au\u00dfergew\u00f6hnlichen und besonders wichtigen Versammlung mit der Neuwahl des gesamten Vorstandes auf. Hier bekommt Ihr wichtige Informationen, wie Euer Verein bisher die Coronakrise bew\u00e4ltigen konnte. Ganz besonders m\u00f6chten wir unsere jugendlichen Mitglieder einladen: [&hellip;]<\/p>\n","protected":false},"author":3,"featured_media":0,"comment_status":"closed","ping_status":"closed","sticky":false,"template":"","format":"standard","meta":{"footnotes":""},"categories":[37],"tags":[],"_links":{"self":[{"href":"https:\/\/sw-osterfeine.de\/index.php?rest_route=\/wp\/v2\/posts\/28008"}],"collection":[{"href":"https:\/\/sw-osterfeine.de\/index.php?rest_route=\/wp\/v2\/posts"}],"about":[{"href":"https:\/\/sw-osterfeine.de\/index.php?rest_route=\/wp\/v2\/types\/post"}],"author":[{"embeddable":true,"href":"https:\/\/sw-osterfeine.de\/index.php?rest_route=\/wp\/v2\/users\/3"}],"replies":[{"embeddable":true,"href":"https:\/\/sw-osterfeine.de\/index.php?rest_route=%2Fwp%2Fv2%2Fcomments&post=28008"}],"version-history":[{"count":1,"href":"https:\/\/sw-osterfeine.de\/index.php?rest_route=\/wp\/v2\/posts\/28008\/revisions"}],"predecessor-version":[{"id":28009,"href":"https:\/\/sw-osterfeine.de\/index.php?rest_route=\/wp\/v2\/posts\/28008\/revisions\/28009"}],"wp:attachment":[{"href":"https:\/\/sw-osterfeine.de\/index.php?rest_route=%2Fwp%2Fv2%2Fmedia&parent=28008"}],"wp:term":[{"taxonomy":"category","embeddable":true,"href":"https:\/\/sw-osterfeine.de\/index.php?rest_route=%2Fwp%2Fv2%2Fcategories&post=28008"},{"taxonomy":"post_tag","embeddable":true,"href":"https:\/\/sw-osterfeine.de\/index.php?rest_route=%2Fwp%2Fv2%2Ftags&post=28008"}],"curies":[{"name":"wp","href":"https:\/\/api.w.org\/{rel}","templated":true}]}}