{"id":28014,"date":"2021-07-19T15:46:37","date_gmt":"2021-07-19T13:46:37","guid":{"rendered":"https:\/\/sw-osterfeine.de\/?p=28014"},"modified":"2021-07-19T15:47:33","modified_gmt":"2021-07-19T13:47:33","slug":"handball-iii-damen-2","status":"publish","type":"post","link":"https:\/\/sw-osterfeine.de\/?p=28014","title":{"rendered":"Handball III. Damen"},"content":{"rendered":"\n<p><strong>Endlich wieder in schwarz-wei\u00df gestreift!<\/strong><\/p>\n<p>Als erste Handballmannschaft des SWO spielen wir, die 3. Damen, ab dieser Saison endlich wieder in schwarz-wei\u00df gestreift! Daf\u00fcr bedanken wir uns bei unseren Sponsoren, der Anwaltskanzlei Westendorf &amp; R\u00f6we.<br \/>Derzeit sind wir wieder mitten in der Vorbereitung und, wie letztes Jahr, hei\u00df darauf endlich wieder in die Saison zu starten. Erfolgreich wurden seit letztem Jahr der Ladies Run, der Nikolauslauf des SWO und der DGM- Spendenlauf absolviert und damit die Kasse f\u00fcr den guten Zweck gepl\u00fcndert. Mit leichten personellen Ver\u00e4nderungen, unteranderem dank drei Schwangerschaften, sind wir wieder einmal eine bunt durchmischte Mannschaft. In der Woche k\u00fcmmern wir uns um Kondition, Kraft und handballerischen F\u00e4higkeiten, damit wir uns am Wochenende ohne schlechten Gewissen um den Mannschaftsgeist k\u00fcmmern k\u00f6nnen. Alle, die nochmal wieder Lust haben ihre Handballkarrieren aufleben zu lassen, sind immer herzlich Willkommen.<\/p>\n<p><a href=\"https:\/\/sw-osterfeine.de\/wp-content\/uploads\/2021\/07\/III.-Damen.jpg\" data-rel=\"lightbox-image-0\" data-rl_title=\"\" data-rl_caption=\"\" title=\"\"><img loading=\"lazy\" decoding=\"async\" class=\"alignnone size-medium wp-image-28015\" src=\"https:\/\/sw-osterfeine.de\/wp-content\/uploads\/2021\/07\/III.-Damen-300x199.jpg\" alt=\"\" width=\"300\" height=\"199\" srcset=\"https:\/\/sw-osterfeine.de\/wp-content\/uploads\/2021\/07\/III.-Damen-300x199.jpg 300w, https:\/\/sw-osterfeine.de\/wp-content\/uploads\/2021\/07\/III.-Damen-1024x681.jpg 1024w, https:\/\/sw-osterfeine.de\/wp-content\/uploads\/2021\/07\/III.-Damen-768x510.jpg 768w, https:\/\/sw-osterfeine.de\/wp-content\/uploads\/2021\/07\/III.-Damen-1536x1021.jpg 1536w, https:\/\/sw-osterfeine.de\/wp-content\/uploads\/2021\/07\/III.-Damen-2048x1361.jpg 2048w\" sizes=\"(max-width: 300px) 100vw, 300px\" \/><\/a><\/p>\n","protected":false},"excerpt":{"rendered":"<p>Endlich wieder in schwarz-wei\u00df gestreift! Als erste Handballmannschaft des SWO spielen wir, die 3. Damen, ab dieser Saison endlich wieder in schwarz-wei\u00df gestreift! Daf\u00fcr bedanken wir uns bei unseren Sponsoren, der Anwaltskanzlei Westendorf &amp; R\u00f6we.Derzeit sind wir wieder mitten in der Vorbereitung und, wie letztes Jahr, hei\u00df darauf endlich wieder in die Saison zu starten. [&hellip;]<\/p>\n","protected":false},"author":3,"featured_media":0,"comment_status":"closed","ping_status":"closed","sticky":false,"template":"","format":"standard","meta":{"footnotes":""},"categories":[1],"tags":[],"_links":{"self":[{"href":"https:\/\/sw-osterfeine.de\/index.php?rest_route=\/wp\/v2\/posts\/28014"}],"collection":[{"href":"https:\/\/sw-osterfeine.de\/index.php?rest_route=\/wp\/v2\/posts"}],"about":[{"href":"https:\/\/sw-osterfeine.de\/index.php?rest_route=\/wp\/v2\/types\/post"}],"author":[{"embeddable":true,"href":"https:\/\/sw-osterfeine.de\/index.php?rest_route=\/wp\/v2\/users\/3"}],"replies":[{"embeddable":true,"href":"https:\/\/sw-osterfeine.de\/index.php?rest_route=%2Fwp%2Fv2%2Fcomments&post=28014"}],"version-history":[{"count":3,"href":"https:\/\/sw-osterfeine.de\/index.php?rest_route=\/wp\/v2\/posts\/28014\/revisions"}],"predecessor-version":[{"id":28018,"href":"https:\/\/sw-osterfeine.de\/index.php?rest_route=\/wp\/v2\/posts\/28014\/revisions\/28018"}],"wp:attachment":[{"href":"https:\/\/sw-osterfeine.de\/index.php?rest_route=%2Fwp%2Fv2%2Fmedia&parent=28014"}],"wp:term":[{"taxonomy":"category","embeddable":true,"href":"https:\/\/sw-osterfeine.de\/index.php?rest_route=%2Fwp%2Fv2%2Fcategories&post=28014"},{"taxonomy":"post_tag","embeddable":true,"href":"https:\/\/sw-osterfeine.de\/index.php?rest_route=%2Fwp%2Fv2%2Ftags&post=28014"}],"curies":[{"name":"wp","href":"https:\/\/api.w.org\/{rel}","templated":true}]}}