{"id":28036,"date":"2021-07-29T12:11:40","date_gmt":"2021-07-29T10:11:40","guid":{"rendered":"https:\/\/sw-osterfeine.de\/?p=28036"},"modified":"2021-07-29T12:11:40","modified_gmt":"2021-07-29T10:11:40","slug":"handball-2-damen-3","status":"publish","type":"post","link":"https:\/\/sw-osterfeine.de\/?p=28036","title":{"rendered":"Handball 2. Damen"},"content":{"rendered":"\n<p style=\"font-weight: 400;\"><strong>\u201eWir laufen um den D\u00fcmmer!\u201c<\/strong><\/p>\n<p style=\"font-weight: 400;\">Nach der kurzfristigen Absage des HVN-Beach-Turniers am 17. Juli 2021 haben sich die Handballerinnen der II. Damen sicherlich auf ein freies Wochenende gefreut. Doch das Trainerteam der II. Damen hatte etwas anderes im Sinn.<\/p>\n<p style=\"font-weight: 400;\">Einige haben sicherlich die H\u00e4nde \u00fcber den Kopf zusammengeschlagen und gedacht \u201eOh Gott, wie soll ich das denn schaffen\u201c. Anstatt bei sonnigen Temperaturen im Sand zu beachen, sollte der D\u00fcmmer umrundet werden. Aber nicht das \u201eIch\u201c, sondern das \u201eWir\u201c stand und steht nicht nur am vergangenen Samstag im Vordergrund. Die Mannschaft der II. Damen wurde in 2er Teams aufgeteilt. Jedes Team sollte den D\u00fcmmer umrunden. Gemeinsam, abwechselnd, laufend und auf dem Fahrrad.<\/p>\n<p style=\"font-weight: 400;\">So traf man sich um 12:45 Uhr auf der Gr\u00fcnfl\u00e4che unmittelbar am Deich des Olgahafens, pr\u00e4parierte sich f\u00fcr den Lauf und das Radfahren und schmierte noch etwas Sonnenmilch auf die Haut. Bei sch\u00f6nstem Sonnenschein und Temperaturen um 28\u00b0C begann gegen 13:00 Uhr f\u00fcr jedes Team die Umrundung des D\u00fcmmers. Der Besenwagen wurde dabei jedoch nicht gebraucht. Stattdessen konnte man im Ziel in viele gl\u00fcckliche, aber auch ersch\u00f6pfte Gesichter blicken. Zur\u00fcck lagen nun ca. 18 km um den D\u00fcmmer-See!<\/p>\n<p style=\"font-weight: 400;\">Ganz besonders erfreulich war, dass auch drei Damen aus der Ersten dem Aufruf und der Idee gefolgt sind und sich der II. Damen angeschlossen haben.<\/p>\n<p style=\"font-weight: 400;\">Bei einem anschlie\u00dfenden Kaltgetr\u00e4nk stand am Ende des Tages fest:<\/p>\n<p style=\"font-weight: 400;\">\u201eWir\u201c haben es geschafft und alle schwere Beine!\u00a0J<\/p>\n<p style=\"font-weight: 400;\">\u00a0<\/p>\n<p style=\"font-weight: 400;\"><u>Erg\u00e4nzung:<\/u><\/p>\n<p style=\"font-weight: 400;\">In den n\u00e4chsten Wochen stehen die Vorbereitungsspiele f\u00fcr die kommende Handballsaison 21\/22 an:<\/p>\n<p style=\"font-weight: 400;\">\u00a0<\/p>\n<p style=\"font-weight: 400;\">01.08 \u2013 GW M\u00fchlen II vs. SW Osterfeine II<\/p>\n<p style=\"font-weight: 400;\">15.08 \u2013 Wehe vs. SW Osterfeine II<\/p>\n<p style=\"font-weight: 400;\">03.09 \u2013 SW Osterfeine II vs. BW Lohne II<\/p>\n<p style=\"font-weight: 400;\">\u00a0<\/p>\n<p style=\"font-weight: 400;\">Das erste Spiel bestreitet die 2. Damen am 25. September 2021, um 17:00 Uhr mit einem Ausw\u00e4rtsspiel gegen SV Holdorf II.<\/p>\n<p style=\"font-weight: 400;\">Die 2. Damen freut sich auf eine spannende Saison und \u00fcber jeden Zuschauer und Unterst\u00fctzer!\u00a0<\/p>\n<p style=\"font-weight: 400;\">\u00a0<\/p>\n<p style=\"font-weight: 400;\">Seid dabei!<\/p>\n<p>\u00a0<\/p>\n\n\t\t<style type=\"text\/css\">\n\t\t\t#gallery-1 {\n\t\t\t\tmargin: auto;\n\t\t\t}\n\t\t\t#gallery-1 .gallery-item {\n\t\t\t\tfloat: left;\n\t\t\t\tmargin-top: 10px;\n\t\t\t\ttext-align: center;\n\t\t\t\twidth: 33%;\n\t\t\t}\n\t\t\t#gallery-1 img {\n\t\t\t\tborder: 2px solid #cfcfcf;\n\t\t\t}\n\t\t\t#gallery-1 .gallery-caption {\n\t\t\t\tmargin-left: 0;\n\t\t\t}\n\t\t\t\/* see gallery_shortcode() in wp-includes\/media.php *\/\n\t\t<\/style>\n\t\t<div id='gallery-1' class='gallery galleryid-28036 gallery-columns-3 gallery-size-thumbnail'><dl class='gallery-item'>\n\t\t\t<dt class='gallery-icon landscape'>\n\t\t\t\t<a href='https:\/\/sw-osterfeine.de\/wp-content\/uploads\/2021\/07\/image.jpeg' title=\"\" data-rl_title=\"\" class=\"rl-gallery-link\" data-rl_caption=\"\" data-rel=\"lightbox-gallery-1\"><img loading=\"lazy\" decoding=\"async\" width=\"150\" height=\"150\" src=\"https:\/\/sw-osterfeine.de\/wp-content\/uploads\/2021\/07\/image-150x150.jpeg\" class=\"attachment-thumbnail size-thumbnail\" alt=\"\" srcset=\"https:\/\/sw-osterfeine.de\/wp-content\/uploads\/2021\/07\/image-150x150.jpeg 150w, https:\/\/sw-osterfeine.de\/wp-content\/uploads\/2021\/07\/image-300x300.jpeg 300w, https:\/\/sw-osterfeine.de\/wp-content\/uploads\/2021\/07\/image-1024x1024.jpeg 1024w, https:\/\/sw-osterfeine.de\/wp-content\/uploads\/2021\/07\/image-768x768.jpeg 768w, https:\/\/sw-osterfeine.de\/wp-content\/uploads\/2021\/07\/image-1536x1536.jpeg 1536w, https:\/\/sw-osterfeine.de\/wp-content\/uploads\/2021\/07\/image.jpeg 2048w\" sizes=\"(max-width: 150px) 100vw, 150px\" \/><\/a>\n\t\t\t<\/dt><\/dl><dl class='gallery-item'>\n\t\t\t<dt class='gallery-icon landscape'>\n\t\t\t\t<a href='https:\/\/sw-osterfeine.de\/wp-content\/uploads\/2021\/07\/image11.jpeg' title=\"\" data-rl_title=\"\" class=\"rl-gallery-link\" data-rl_caption=\"\" data-rel=\"lightbox-gallery-1\"><img loading=\"lazy\" decoding=\"async\" width=\"150\" height=\"150\" src=\"https:\/\/sw-osterfeine.de\/wp-content\/uploads\/2021\/07\/image11-150x150.jpeg\" class=\"attachment-thumbnail size-thumbnail\" alt=\"\" srcset=\"https:\/\/sw-osterfeine.de\/wp-content\/uploads\/2021\/07\/image11-150x150.jpeg 150w, https:\/\/sw-osterfeine.de\/wp-content\/uploads\/2021\/07\/image11-300x300.jpeg 300w, https:\/\/sw-osterfeine.de\/wp-content\/uploads\/2021\/07\/image11-1024x1024.jpeg 1024w, https:\/\/sw-osterfeine.de\/wp-content\/uploads\/2021\/07\/image11-768x768.jpeg 768w, https:\/\/sw-osterfeine.de\/wp-content\/uploads\/2021\/07\/image11-1536x1536.jpeg 1536w, https:\/\/sw-osterfeine.de\/wp-content\/uploads\/2021\/07\/image11.jpeg 2048w\" sizes=\"(max-width: 150px) 100vw, 150px\" \/><\/a>\n\t\t\t<\/dt><\/dl>\n\t\t\t<br style='clear: both' \/>\n\t\t<\/div>\n\n<p style=\"font-weight: 400;\">\u00a0<\/p>\n","protected":false},"excerpt":{"rendered":"<p>\u201eWir laufen um den D\u00fcmmer!\u201c Nach der kurzfristigen Absage des HVN-Beach-Turniers am 17. Juli 2021 haben sich die Handballerinnen der II. Damen sicherlich auf ein freies Wochenende gefreut. Doch das Trainerteam der II. Damen hatte etwas anderes im Sinn. Einige haben sicherlich die H\u00e4nde \u00fcber den Kopf zusammengeschlagen und gedacht \u201eOh Gott, wie soll ich [&hellip;]<\/p>\n","protected":false},"author":3,"featured_media":0,"comment_status":"closed","ping_status":"closed","sticky":false,"template":"","format":"standard","meta":{"footnotes":""},"categories":[1],"tags":[],"_links":{"self":[{"href":"https:\/\/sw-osterfeine.de\/index.php?rest_route=\/wp\/v2\/posts\/28036"}],"collection":[{"href":"https:\/\/sw-osterfeine.de\/index.php?rest_route=\/wp\/v2\/posts"}],"about":[{"href":"https:\/\/sw-osterfeine.de\/index.php?rest_route=\/wp\/v2\/types\/post"}],"author":[{"embeddable":true,"href":"https:\/\/sw-osterfeine.de\/index.php?rest_route=\/wp\/v2\/users\/3"}],"replies":[{"embeddable":true,"href":"https:\/\/sw-osterfeine.de\/index.php?rest_route=%2Fwp%2Fv2%2Fcomments&post=28036"}],"version-history":[{"count":1,"href":"https:\/\/sw-osterfeine.de\/index.php?rest_route=\/wp\/v2\/posts\/28036\/revisions"}],"predecessor-version":[{"id":28039,"href":"https:\/\/sw-osterfeine.de\/index.php?rest_route=\/wp\/v2\/posts\/28036\/revisions\/28039"}],"wp:attachment":[{"href":"https:\/\/sw-osterfeine.de\/index.php?rest_route=%2Fwp%2Fv2%2Fmedia&parent=28036"}],"wp:term":[{"taxonomy":"category","embeddable":true,"href":"https:\/\/sw-osterfeine.de\/index.php?rest_route=%2Fwp%2Fv2%2Fcategories&post=28036"},{"taxonomy":"post_tag","embeddable":true,"href":"https:\/\/sw-osterfeine.de\/index.php?rest_route=%2Fwp%2Fv2%2Ftags&post=28036"}],"curies":[{"name":"wp","href":"https:\/\/api.w.org\/{rel}","templated":true}]}}