{"id":28040,"date":"2021-07-29T13:54:22","date_gmt":"2021-07-29T11:54:22","guid":{"rendered":"https:\/\/sw-osterfeine.de\/?p=28040"},"modified":"2021-07-29T13:54:22","modified_gmt":"2021-07-29T11:54:22","slug":"vorbereitungsbericht-1-b-jugend","status":"publish","type":"post","link":"https:\/\/sw-osterfeine.de\/?p=28040","title":{"rendered":"Vorbereitungsbericht 1.B Jugend"},"content":{"rendered":"\n<p>Am 02.06. und damit wesentlich fr\u00fcher als in normalen Saisons startete die 1. B-Jugend von Schwatt-Witt in die neue Saison 2021\/22. Das diesj\u00e4hrige Trainerteam, bestehend aus Jan-Bernd Pohlschneider und den aus dem C-Jugend Trainerstab aufr\u00fcckenden Felix Piening und Freddy Lampe konnte eine hoch motivierte Mannschaft zum ersten Training begr\u00fc\u00dfen. Bedauerlicherweise allerdings ohne Anton Borgerding, der sich noch vor dem ersten Training am Knie verletzte und voraussichtlich bis in den August hinein ausfallen wird.<\/p>\n<p>Nach den ersten noch recht lockeren Trainingseinheiten wurde die Intensit\u00e4t z\u00fcgig hochgefahren und die Arbeit mit dem Ball vorangetrieben. Wir hatten uns schlie\u00dflich ambitionierte Ziele gesetzt und mit der JfV RWD Rehden, sowie RW Damme zwei Landesligisten als Testspielgegner zwei richtige Brocken vor der Brust.<\/p>\n<p>Gegen Rehden mussten wir uns auf heimischem Platz dann auch erwartungsgem\u00e4\u00df mit 0:3 geschlagen geben. Allerdings muss man den Jungs f\u00fcr die Art und Weise absolute Anerkennung zollen. Bis auf ein paar Unaufmerksamkeiten konnte die gesamte Mannschaft ihre Defensivqualit\u00e4ten unter Beweis stellen.<\/p>\n<p>Auch gegen Damme war in erster Linie die Defensive gefragt. Nach der Anreise mit dem Fahrrad (die E-Antriebe einiger Spieler wurden vorher abgeschaltet) waren nahezu 80 Minuten Dauerdruck auf unser Tor angesagt. F\u00fcnf Gegentore standen nach dem aufopferungsvollen Kampf bei beinahe subtropischen Temperaturen zu Buche. Zwar offenbarten sich ein paar taktische Fehler, die in der \u00fcbrigen Vorbereitung aufgearbeitet werden sollen, die grunds\u00e4tzliche Einstellung und die gezeigten F\u00e4higkeiten lassen das Trainerteam jedoch hoffnungsvoll in die Zukunft blicken. Und trotz eines starken Gegners zahlte es sich am Ende aus nicht aufgegeben zu haben, denn Tom Neteler nutzte seine Chance in der 70. Minute zum ersten Treffer der Saison.<\/p>\n<p>In der allj\u00e4hrlichen Sportwoche wollten wir dann gegen die SG Steinfeld\/M\u00fchlen beweisen, dass wir gegen h\u00f6her spielende Mannschaften eben nicht nur \u00fcber weite Strecken solide verteidigen, sondern auch auf dem Niveau mitspielen k\u00f6nnen. Diesen Willen sah man dann auch auf dem Platz. Nicht nur defensiv wusste das Team um Kapit\u00e4n Max-Josef St\u00e4rk zu \u00fcberzeugen, sondern auch offensiv konnte es gegen den Bezirksligisten zeigen, was in ihm steckt. Gleich viermal konnte der Ball alleine in Halbzeit eins im gegnerischen Tor untergebracht werden. Das Gegentor kurz vor dem Halbzeitpfiff war zwar \u00e4rgerlich, f\u00fchrte aber nicht zu gr\u00f6\u00dferer Nervosit\u00e4t. In der zweiten Halbzeit gelang es uns sogar den alten Abstand wiederherzustellen und wir konnten somit ein erstes Ausrufezeichen setzen. Erfreulich war auch, wie wenig ausrechenbar unsere Offensive sich zeigte. Mit Tom Neteler, Tim Fischer, Henry Nordmann, Moritz Otte und Tim Kreinest zeichneten sich F\u00fcnf unterschiedliche Spieler f\u00fcr unsere f\u00fcnf Tore verantwortlich.<\/p>\n<p>Der Sieg in der Sportwoche l\u00e4sst die Jungs zuversichtlich auf das Wochenende blicken. Dann ist vom 23.07. bis zum 25. 07. ein kleines internes Trainingslager am Sportplatz angesetzt, zu dem auch zwei weitere Testspiele geh\u00f6ren. Am 23.07 wollen wir gegen die A-Jugend der JSG BDE Barnstorf unsere F\u00e4higkeiten unter Beweis stellen, bevor wir am Sonntag, dem 25.07. mit vermutlich extrem schweren Beinen und einigen harten Trainingseinheiten in den Knochen gegen RW Damme II antreten. (Bericht Trainingslager folgt)<\/p>\n<p>Abschlie\u00dfend bleibt noch zu sagen, dass man richtig sp\u00fcrt, wie viel Bock die Jungs wieder auf Fu\u00dfball haben. Nicht nur der Einsatz in jeder Trainingseinheit ist \u00fcberragend, sondern auch die Trainingsbeteiligung an sich l\u00e4sst sich kaum steigern. Rechnet man den Langzeitverletzten Anton Borgerding nicht mit, so kommt man bis zu diesem Zeitpunkt auf sagenhafte 93,33% durchschnittlicher (!!) Trainingbeteiligung. Max-Josef St\u00e4rk trainiert zus\u00e4tzlich ein Mal die Woche bei der I. Herren mit. Eine ganz starke Leistung von allen Beteiligten!<\/p>\n<p>Mit freundlichen Gr\u00fc\u00dfen<\/p>\n<p>Coach P.<\/p>\n<p><a href=\"https:\/\/sw-osterfeine.de\/wp-content\/uploads\/2021\/07\/Foto-1.B.jpg\" data-rel=\"lightbox-image-0\" data-rl_title=\"\" data-rl_caption=\"\" title=\"\"><img loading=\"lazy\" decoding=\"async\" class=\"alignnone  wp-image-28041\" src=\"https:\/\/sw-osterfeine.de\/wp-content\/uploads\/2021\/07\/Foto-1.B.jpg\" alt=\"\" width=\"523\" height=\"349\" srcset=\"https:\/\/sw-osterfeine.de\/wp-content\/uploads\/2021\/07\/Foto-1.B.jpg 2048w, https:\/\/sw-osterfeine.de\/wp-content\/uploads\/2021\/07\/Foto-1.B-300x200.jpg 300w, https:\/\/sw-osterfeine.de\/wp-content\/uploads\/2021\/07\/Foto-1.B-1024x683.jpg 1024w, https:\/\/sw-osterfeine.de\/wp-content\/uploads\/2021\/07\/Foto-1.B-768x512.jpg 768w, https:\/\/sw-osterfeine.de\/wp-content\/uploads\/2021\/07\/Foto-1.B-1536x1024.jpg 1536w\" sizes=\"(max-width: 523px) 100vw, 523px\" \/><\/a><\/p>\n<p>Obere Reihe (v.l.n.r.): Tim Fischer, Lennart Hanker, Johann Brokamp, Mattes Glandorf, Noah Kramer, Benjamin Olberding<\/p>\n<p>Mittlere Reihe (v.l.n.r.): Jan-Bernd Pohlschneider (Trainer), Freddy Lampe (Co-Trainer), Henry Nordmann, Max Maue, Lukas Dalinghaus, Anton Borgerding, Max-Josef St\u00e4rk, Felix Piening (Co-Trainer)<\/p>\n<p>Untere Reihe (v.l.n.r.): Jan Kohake, Tim Kreinest, Moritz Sonnen, Moritz Otte, Tom Neteler<\/p>\n","protected":false},"excerpt":{"rendered":"<p>Am 02.06. und damit wesentlich fr\u00fcher als in normalen Saisons startete die 1. B-Jugend von Schwatt-Witt in die neue Saison 2021\/22. Das diesj\u00e4hrige Trainerteam, bestehend aus Jan-Bernd Pohlschneider und den aus dem C-Jugend Trainerstab aufr\u00fcckenden Felix Piening und Freddy Lampe konnte eine hoch motivierte Mannschaft zum ersten Training begr\u00fc\u00dfen. Bedauerlicherweise allerdings ohne Anton Borgerding, der [&hellip;]<\/p>\n","protected":false},"author":3,"featured_media":0,"comment_status":"closed","ping_status":"closed","sticky":false,"template":"","format":"standard","meta":{"footnotes":""},"categories":[3],"tags":[],"_links":{"self":[{"href":"https:\/\/sw-osterfeine.de\/index.php?rest_route=\/wp\/v2\/posts\/28040"}],"collection":[{"href":"https:\/\/sw-osterfeine.de\/index.php?rest_route=\/wp\/v2\/posts"}],"about":[{"href":"https:\/\/sw-osterfeine.de\/index.php?rest_route=\/wp\/v2\/types\/post"}],"author":[{"embeddable":true,"href":"https:\/\/sw-osterfeine.de\/index.php?rest_route=\/wp\/v2\/users\/3"}],"replies":[{"embeddable":true,"href":"https:\/\/sw-osterfeine.de\/index.php?rest_route=%2Fwp%2Fv2%2Fcomments&post=28040"}],"version-history":[{"count":3,"href":"https:\/\/sw-osterfeine.de\/index.php?rest_route=\/wp\/v2\/posts\/28040\/revisions"}],"predecessor-version":[{"id":28044,"href":"https:\/\/sw-osterfeine.de\/index.php?rest_route=\/wp\/v2\/posts\/28040\/revisions\/28044"}],"wp:attachment":[{"href":"https:\/\/sw-osterfeine.de\/index.php?rest_route=%2Fwp%2Fv2%2Fmedia&parent=28040"}],"wp:term":[{"taxonomy":"category","embeddable":true,"href":"https:\/\/sw-osterfeine.de\/index.php?rest_route=%2Fwp%2Fv2%2Fcategories&post=28040"},{"taxonomy":"post_tag","embeddable":true,"href":"https:\/\/sw-osterfeine.de\/index.php?rest_route=%2Fwp%2Fv2%2Ftags&post=28040"}],"curies":[{"name":"wp","href":"https:\/\/api.w.org\/{rel}","templated":true}]}}