{"id":28095,"date":"2021-08-03T14:32:33","date_gmt":"2021-08-03T12:32:33","guid":{"rendered":"https:\/\/sw-osterfeine.de\/?p=28095"},"modified":"2021-08-03T14:32:33","modified_gmt":"2021-08-03T12:32:33","slug":"nachruf-fuer-cornelis-meinsma","status":"publish","type":"post","link":"https:\/\/sw-osterfeine.de\/?p=28095","title":{"rendered":"Nachruf f\u00fcr Cornelis Meinsma"},"content":{"rendered":"\n<p>Der Sportverein SW Osterfeine trauert um sein langj\u00e4hriges und liebes Vereinsmitglied<\/p>\n<p>\u00a0\u00a0\u00a0\u00a0\u00a0\u00a0\u00a0\u00a0\u00a0\u00a0\u00a0\u00a0\u00a0\u00a0\u00a0\u00a0\u00a0\u00a0\u00a0\u00a0\u00a0\u00a0\u00a0\u00a0\u00a0\u00a0\u00a0\u00a0\u00a0\u00a0\u00a0\u00a0\u00a0\u00a0\u00a0\u00a0\u00a0\u00a0\u00a0 \u00a0 \u00a0 \u00a0 \u00a0 \u00a0 \u00a0 \u00a0 \u00a0 \u00a0 \u00a0 <strong>Cornelis Meinsma<\/strong><\/p>\n<p>\u00a0<\/p>\n<p>Cornelis Meinsma war als treues Vereinsmitglied viele, viele Jahre ein treuer Begleiter der Spiele von Schwarz-Wei\u00df Osterfeine I. Ob daheim oder ausw\u00e4rts, Cornelis war ein au\u00dferordentlich zuverl\u00e4ssiger OSV-Fan.<\/p>\n<p>Lieber Cornelis, besonders die OSV-Fu\u00dfballer werden Dich in freundlicher und dankbarer Erinnerung behalten.<\/p>\n<p>Unsere Anteilnahme gilt ebenso all Deinen Familienmitgliedern.<\/p>\n<p>\u00a0<\/p>\n<p>\u00a0\u00a0\u00a0\u00a0\u00a0\u00a0\u00a0\u00a0\u00a0\u00a0\u00a0\u00a0\u00a0\u00a0\u00a0\u00a0\u00a0\u00a0\u00a0\u00a0 Sportverein SW Osterfeine<\/p>\n<p><a href=\"https:\/\/sw-osterfeine.de\/wp-content\/uploads\/2021\/08\/Meinsma-e1627993753248.jpg\" data-rel=\"lightbox-image-0\" data-rl_title=\"\" data-rl_caption=\"\" title=\"\"><img loading=\"lazy\" decoding=\"async\" class=\"size-medium wp-image-28097 aligncenter\" src=\"https:\/\/sw-osterfeine.de\/wp-content\/uploads\/2021\/08\/Meinsma-225x300.jpg\" alt=\"\" width=\"225\" height=\"300\" \/><\/a><\/p>\n<p>\u00a0<\/p>\n","protected":false},"excerpt":{"rendered":"<p>Der Sportverein SW Osterfeine trauert um sein langj\u00e4hriges und liebes Vereinsmitglied \u00a0\u00a0\u00a0\u00a0\u00a0\u00a0\u00a0\u00a0\u00a0\u00a0\u00a0\u00a0\u00a0\u00a0\u00a0\u00a0\u00a0\u00a0\u00a0\u00a0\u00a0\u00a0\u00a0\u00a0\u00a0\u00a0\u00a0\u00a0\u00a0\u00a0\u00a0\u00a0\u00a0\u00a0\u00a0\u00a0\u00a0\u00a0\u00a0 \u00a0 \u00a0 \u00a0 \u00a0 \u00a0 \u00a0 \u00a0 \u00a0 \u00a0 \u00a0 Cornelis Meinsma \u00a0 Cornelis Meinsma war als treues Vereinsmitglied viele, viele Jahre ein treuer Begleiter der Spiele von Schwarz-Wei\u00df Osterfeine I. Ob daheim oder ausw\u00e4rts, Cornelis war ein au\u00dferordentlich zuverl\u00e4ssiger OSV-Fan. Lieber Cornelis, [&hellip;]<\/p>\n","protected":false},"author":3,"featured_media":0,"comment_status":"closed","ping_status":"closed","sticky":false,"template":"","format":"standard","meta":{"footnotes":""},"categories":[37],"tags":[],"_links":{"self":[{"href":"https:\/\/sw-osterfeine.de\/index.php?rest_route=\/wp\/v2\/posts\/28095"}],"collection":[{"href":"https:\/\/sw-osterfeine.de\/index.php?rest_route=\/wp\/v2\/posts"}],"about":[{"href":"https:\/\/sw-osterfeine.de\/index.php?rest_route=\/wp\/v2\/types\/post"}],"author":[{"embeddable":true,"href":"https:\/\/sw-osterfeine.de\/index.php?rest_route=\/wp\/v2\/users\/3"}],"replies":[{"embeddable":true,"href":"https:\/\/sw-osterfeine.de\/index.php?rest_route=%2Fwp%2Fv2%2Fcomments&post=28095"}],"version-history":[{"count":6,"href":"https:\/\/sw-osterfeine.de\/index.php?rest_route=\/wp\/v2\/posts\/28095\/revisions"}],"predecessor-version":[{"id":28103,"href":"https:\/\/sw-osterfeine.de\/index.php?rest_route=\/wp\/v2\/posts\/28095\/revisions\/28103"}],"wp:attachment":[{"href":"https:\/\/sw-osterfeine.de\/index.php?rest_route=%2Fwp%2Fv2%2Fmedia&parent=28095"}],"wp:term":[{"taxonomy":"category","embeddable":true,"href":"https:\/\/sw-osterfeine.de\/index.php?rest_route=%2Fwp%2Fv2%2Fcategories&post=28095"},{"taxonomy":"post_tag","embeddable":true,"href":"https:\/\/sw-osterfeine.de\/index.php?rest_route=%2Fwp%2Fv2%2Ftags&post=28095"}],"curies":[{"name":"wp","href":"https:\/\/api.w.org\/{rel}","templated":true}]}}