{"id":28365,"date":"2021-09-07T09:56:54","date_gmt":"2021-09-07T07:56:54","guid":{"rendered":"https:\/\/sw-osterfeine.de\/?p=28365"},"modified":"2021-09-09T09:07:47","modified_gmt":"2021-09-09T07:07:47","slug":"anmeldung-ferienbetreuung-herbst-2021","status":"publish","type":"post","link":"https:\/\/sw-osterfeine.de\/?p=28365","title":{"rendered":"Anmeldung Ferienbetreuung Herbst 2021"},"content":{"rendered":"\n<p>Ab sofort kann man sich f\u00fcr die Ferienbetreuung in den Herbstferien, vom 18.10.-22.10.2021, anmelden. Die Anmeldung ist f\u00fcr die ganze Woche und auch f\u00fcr einzelne Tage m\u00f6glich.<\/p>\n<p><a href=\"https:\/\/sw-osterfeine.de\/wp-content\/uploads\/2021\/09\/heRBSTFERIEN-BETREUUNG-scaled.jpg\" data-rel=\"lightbox-image-0\" data-rl_title=\"\" data-rl_caption=\"\" title=\"\"><img loading=\"lazy\" decoding=\"async\" class=\"alignnone  wp-image-28402\" src=\"https:\/\/sw-osterfeine.de\/wp-content\/uploads\/2021\/09\/heRBSTFERIEN-BETREUUNG-212x300.jpg\" alt=\"\" width=\"408\" height=\"577\" srcset=\"https:\/\/sw-osterfeine.de\/wp-content\/uploads\/2021\/09\/heRBSTFERIEN-BETREUUNG-212x300.jpg 212w, https:\/\/sw-osterfeine.de\/wp-content\/uploads\/2021\/09\/heRBSTFERIEN-BETREUUNG-724x1024.jpg 724w, https:\/\/sw-osterfeine.de\/wp-content\/uploads\/2021\/09\/heRBSTFERIEN-BETREUUNG-768x1086.jpg 768w, https:\/\/sw-osterfeine.de\/wp-content\/uploads\/2021\/09\/heRBSTFERIEN-BETREUUNG-1086x1536.jpg 1086w, https:\/\/sw-osterfeine.de\/wp-content\/uploads\/2021\/09\/heRBSTFERIEN-BETREUUNG-1448x2048.jpg 1448w, https:\/\/sw-osterfeine.de\/wp-content\/uploads\/2021\/09\/heRBSTFERIEN-BETREUUNG-scaled.jpg 1810w\" sizes=\"(max-width: 408px) 100vw, 408px\" \/><\/a><\/p>\n","protected":false},"excerpt":{"rendered":"<p>Ab sofort kann man sich f\u00fcr die Ferienbetreuung in den Herbstferien, vom 18.10.-22.10.2021, anmelden. Die Anmeldung ist f\u00fcr die ganze Woche und auch f\u00fcr einzelne Tage m\u00f6glich.<\/p>\n","protected":false},"author":3,"featured_media":0,"comment_status":"closed","ping_status":"closed","sticky":false,"template":"","format":"standard","meta":{"footnotes":""},"categories":[37],"tags":[],"_links":{"self":[{"href":"https:\/\/sw-osterfeine.de\/index.php?rest_route=\/wp\/v2\/posts\/28365"}],"collection":[{"href":"https:\/\/sw-osterfeine.de\/index.php?rest_route=\/wp\/v2\/posts"}],"about":[{"href":"https:\/\/sw-osterfeine.de\/index.php?rest_route=\/wp\/v2\/types\/post"}],"author":[{"embeddable":true,"href":"https:\/\/sw-osterfeine.de\/index.php?rest_route=\/wp\/v2\/users\/3"}],"replies":[{"embeddable":true,"href":"https:\/\/sw-osterfeine.de\/index.php?rest_route=%2Fwp%2Fv2%2Fcomments&post=28365"}],"version-history":[{"count":3,"href":"https:\/\/sw-osterfeine.de\/index.php?rest_route=\/wp\/v2\/posts\/28365\/revisions"}],"predecessor-version":[{"id":28404,"href":"https:\/\/sw-osterfeine.de\/index.php?rest_route=\/wp\/v2\/posts\/28365\/revisions\/28404"}],"wp:attachment":[{"href":"https:\/\/sw-osterfeine.de\/index.php?rest_route=%2Fwp%2Fv2%2Fmedia&parent=28365"}],"wp:term":[{"taxonomy":"category","embeddable":true,"href":"https:\/\/sw-osterfeine.de\/index.php?rest_route=%2Fwp%2Fv2%2Fcategories&post=28365"},{"taxonomy":"post_tag","embeddable":true,"href":"https:\/\/sw-osterfeine.de\/index.php?rest_route=%2Fwp%2Fv2%2Ftags&post=28365"}],"curies":[{"name":"wp","href":"https:\/\/api.w.org\/{rel}","templated":true}]}}