{"id":28367,"date":"2021-09-07T09:58:43","date_gmt":"2021-09-07T07:58:43","guid":{"rendered":"https:\/\/sw-osterfeine.de\/?p=28367"},"modified":"2021-09-07T09:58:43","modified_gmt":"2021-09-07T07:58:43","slug":"fussball-iii-herren-6-spieltag","status":"publish","type":"post","link":"https:\/\/sw-osterfeine.de\/?p=28367","title":{"rendered":"Fu\u00dfball III. Herren: 6. Spieltag"},"content":{"rendered":"\n<p>Liebe Schwarz-Wei\u00dfe Sportgemeinde,<br \/><br \/>der Gegner an unserem 6. Spieltag nannte sich SV Holdorf III. Nachdem wir unseren G\u00e4sten eine Kabine zur Verf\u00fcgung gestellt haben, malte unser Trainer folgende Aufstellung auf:<br \/><br \/>C. Meyer &#8211; T. Fangmann, F. Niehues (C), M. Rolfsen (67. J. St\u00f6ppelmann), S. Dammeyer (31. C. bei der Hake) &#8211; J. Lampe, J. Riesenbeck &#8211; F. gr. Hackmann, H. St\u00fchrenberg, L. Grote (58. P. Kubik) &#8211; J. Krebeck<br \/><br \/>Die Holdorfer hatten Pech, denn wir hatten nach unseren letzten Spiel noch jede Menge Wut im Bauch. Schon nach 4 Min. machte Justus Krebi aus einer Grote-Vorlage das 1:0. Und wie bedankt sich ein vornehmer Torsch\u00fctze: indem er seinen Vorlagengeber selber ein Tor vorbereitet. Vierzigste Min. 2:0 Lukas Grote. Eigentlich h\u00e4tten wir noch 1-2 T\u00f6rchen mehr bis zur Pause erzielen k\u00f6nnen. Wir nahmen aber dann noch einen Gegentreffer mit. Schuss aus 20 m perfekt getroffen, &#8222;Ceeper Christian ceine Chance&#8220; wurde in den Spielnotizen notiert.<br \/><br \/>F\u00fcr die Minuten 46-90 hie\u00df die Vorgabe &#8222;weitere Tore schie\u00dfen&#8220;. Das 3:1 und 4:1 fiel dann in der 64. und 77. Minute. Beide Tore nimmt Hacki auf seine Kappe. Beim zweiten Treffer brauchte er den Ball nur noch ins Tor schieben nachdem Flo Niehues&#8216; Freisto\u00df vom Pfosten zur\u00fccksprang und Justus den Ball abfangen konnte. Das Spiel war entschieden. So war das letzte Tor zum 4:2 Endstand auch nicht mehr ganz so betr\u00fcblich (86. Min.).<br \/><br \/>Verletzungsbedingt musste &#8222;Feueroberhauptbrandmeister&#8220; und Feuerl\u00f6scher Buddy unseren Dammi ersetzen. Hoffentlich ist da nichts schlimmes passiert! Ansonsten waren wir nach dem Abpfiff sehr froh. Weiter geht es am Freitag, den 10.09.2021, um 19:30 Uhr mit einem Ausw\u00e4rtssieg bei der Zweitvertretung von SV Handorf-Langenberg. Bis dahin bleibt gesund und munter.<br \/><br \/>Gru\u00df<br \/>SW Osterfeine III<\/p>\n<p>\u00a0<\/p>\n\n\t\t<style type=\"text\/css\">\n\t\t\t#gallery-1 {\n\t\t\t\tmargin: auto;\n\t\t\t}\n\t\t\t#gallery-1 .gallery-item {\n\t\t\t\tfloat: left;\n\t\t\t\tmargin-top: 10px;\n\t\t\t\ttext-align: center;\n\t\t\t\twidth: 33%;\n\t\t\t}\n\t\t\t#gallery-1 img {\n\t\t\t\tborder: 2px solid #cfcfcf;\n\t\t\t}\n\t\t\t#gallery-1 .gallery-caption {\n\t\t\t\tmargin-left: 0;\n\t\t\t}\n\t\t\t\/* see gallery_shortcode() in wp-includes\/media.php *\/\n\t\t<\/style>\n\t\t<div id='gallery-1' class='gallery galleryid-28367 gallery-columns-3 gallery-size-thumbnail'><dl class='gallery-item'>\n\t\t\t<dt class='gallery-icon landscape'>\n\t\t\t\t<a href='https:\/\/sw-osterfeine.de\/wp-content\/uploads\/2021\/09\/3.-Herren.jpeg' title=\"\" data-rl_title=\"\" class=\"rl-gallery-link\" data-rl_caption=\"\" data-rel=\"lightbox-gallery-1\"><img loading=\"lazy\" decoding=\"async\" width=\"150\" height=\"150\" src=\"https:\/\/sw-osterfeine.de\/wp-content\/uploads\/2021\/09\/3.-Herren-150x150.jpeg\" class=\"attachment-thumbnail size-thumbnail\" alt=\"\" \/><\/a>\n\t\t\t<\/dt><\/dl>\n\t\t\t<br style='clear: both' \/>\n\t\t<\/div>\n\n<p>\u00a0<\/p>\n<p>\u00a0<\/p>\n","protected":false},"excerpt":{"rendered":"<p>Liebe Schwarz-Wei\u00dfe Sportgemeinde, der Gegner an unserem 6. Spieltag nannte sich SV Holdorf III. Nachdem wir unseren G\u00e4sten eine Kabine zur Verf\u00fcgung gestellt haben, malte unser Trainer folgende Aufstellung auf: C. Meyer &#8211; T. Fangmann, F. Niehues (C), M. Rolfsen (67. J. St\u00f6ppelmann), S. Dammeyer (31. C. bei der Hake) &#8211; J. Lampe, J. Riesenbeck [&hellip;]<\/p>\n","protected":false},"author":3,"featured_media":0,"comment_status":"closed","ping_status":"closed","sticky":false,"template":"","format":"standard","meta":{"footnotes":""},"categories":[3],"tags":[],"_links":{"self":[{"href":"https:\/\/sw-osterfeine.de\/index.php?rest_route=\/wp\/v2\/posts\/28367"}],"collection":[{"href":"https:\/\/sw-osterfeine.de\/index.php?rest_route=\/wp\/v2\/posts"}],"about":[{"href":"https:\/\/sw-osterfeine.de\/index.php?rest_route=\/wp\/v2\/types\/post"}],"author":[{"embeddable":true,"href":"https:\/\/sw-osterfeine.de\/index.php?rest_route=\/wp\/v2\/users\/3"}],"replies":[{"embeddable":true,"href":"https:\/\/sw-osterfeine.de\/index.php?rest_route=%2Fwp%2Fv2%2Fcomments&post=28367"}],"version-history":[{"count":1,"href":"https:\/\/sw-osterfeine.de\/index.php?rest_route=\/wp\/v2\/posts\/28367\/revisions"}],"predecessor-version":[{"id":28370,"href":"https:\/\/sw-osterfeine.de\/index.php?rest_route=\/wp\/v2\/posts\/28367\/revisions\/28370"}],"wp:attachment":[{"href":"https:\/\/sw-osterfeine.de\/index.php?rest_route=%2Fwp%2Fv2%2Fmedia&parent=28367"}],"wp:term":[{"taxonomy":"category","embeddable":true,"href":"https:\/\/sw-osterfeine.de\/index.php?rest_route=%2Fwp%2Fv2%2Fcategories&post=28367"},{"taxonomy":"post_tag","embeddable":true,"href":"https:\/\/sw-osterfeine.de\/index.php?rest_route=%2Fwp%2Fv2%2Ftags&post=28367"}],"curies":[{"name":"wp","href":"https:\/\/api.w.org\/{rel}","templated":true}]}}